{"id":5010,"date":"2026-02-24T21:37:15","date_gmt":"2026-02-24T21:37:15","guid":{"rendered":"https:\/\/www.newsrecorder.ro\/app\/2026\/02\/24\/ilie-bolojan-nu-ne-lipsesc-diplome-ci-competente-reale\/"},"modified":"2026-02-24T21:37:15","modified_gmt":"2026-02-24T21:37:15","slug":"ilie-bolojan-nu-ne-lipsesc-diplome-ci-competente-reale","status":"publish","type":"post","link":"https:\/\/www.newsrecorder.ro\/app\/2026\/02\/24\/ilie-bolojan-nu-ne-lipsesc-diplome-ci-competente-reale\/","title":{"rendered":"Ilie Bolojan: &#8222;Nu ne lipsesc diplome, ci competen\u021be reale!&#8221;"},"content":{"rendered":"<p>Premierul Ilie Bolojan a anun\u021bat mar\u021bi sear\u0103 c\u0103 toate sectoarele administra\u021biei se implic\u0103 activ \u00een efortul de reducere a cheltuielilor \u00een domeniul universitar. Acest demers va \u00eencepe \u00een toamna acestui an, imediat dup\u0103 \u00eencheierea anului universitar, pentru a evita orice perturbare a activit\u0103\u021bilor academice.<\/p>\n<p>\u00cen urma discu\u021biilor cu reprezentan\u021bii universit\u0103\u021bilor, premierul a propus o reducere semnificativ\u0103, de p\u00e2n\u0103 la 50%, a sporului acordat pentru doctorat. Bolojan a subliniat c\u0103 aceast\u0103 practic\u0103 nu este comun\u0103 \u00een \u021b\u0103rile din vestul Europei \u0219i a fost introdus\u0103 \u00een contextul local.<\/p>\n<p>\u201eEste esen\u021bial s\u0103 discut\u0103m deschis despre acest subiect. Sporul pentru doctorate nu este o norm\u0103 obi\u0219nuit\u0103 \u00een alte state europene, ci o m\u0103sur\u0103 specific\u0103 zonei noastre\u201d, a declarat premierul.<\/p>\n<p>De asemenea, Bolojan a eviden\u021biat c\u0103 nu diploma \u00een sine este problema sistemului educa\u021bional, ci mai degrab\u0103 lipsa de competen\u021b\u0103 \u0219i angajament. \u201eDac\u0103 vrem s\u0103 fim sinceri, nu ne lipsesc diplomele, ci competen\u021bele, determinarea \u0219i dedicarea celor care sunt \u00een domeniu\u201d, a continuat el.<\/p>\n<p>Premierul a mai ad\u0103ugat c\u0103 salariile cadrelor universitare sunt deja corelate cu gradul didactic ob\u021binut. \u201eRemunerarea profesorilor universitari este stabilit\u0103 \u00een func\u021bie de pozi\u021bia pe care o de\u021bin \u0219i de gradul universitar, iar pentru a avansa pe aceast\u0103 scal\u0103, este necesar\u0103 ob\u021binerea diplomei corespunz\u0103toare\u201d, a explicat Bolojan.<\/p>\n<p>Declara\u021biile premierului au venit pe fondul unei controverse generate de un fost consilier preziden\u021bial pentru educa\u021bie \u0219i cercetare, care a rupt diploma sa de doctorat \u00een direct, \u00een cadrul unei emisiuni televizate, luni seara.<\/p>\n","protected":false},"excerpt":{"rendered":"<p>Premierul Ilie Bolojan a anun\u021bat mar\u021bi sear\u0103 c\u0103 toate sectoarele administra\u021biei se implic\u0103 activ \u00een efortul de reducere a cheltuielilor \u00een domeniul universitar. Acest demers va \u00eencepe \u00een toamna acestui an, imediat dup\u0103 \u00eencheierea anului universitar, pentru a evita orice perturbare a activit\u0103\u021bilor academice. \u00cen urma discu\u021biilor cu reprezentan\u021bii universit\u0103\u021bilor, premierul a propus o reducere [&hellip;]<\/p>\n","protected":false},"author":2,"featured_media":5011,"comment_status":"open","ping_status":"open","sticky":false,"template":"","format":"standard","meta":{"jnews-multi-image_gallery":[],"jnews_single_post":[],"jnews_primary_category":[],"jnews_override_counter":[],"footnotes":""},"categories":[42],"tags":[7595,1360,7594,7591,2138,7593,5790,7592],"class_list":["post-5010","post","type-post","status-publish","format-standard","has-post-thumbnail","hentry","category-politica","tag-activitati-academice","tag-administratie","tag-competenta-educationala","tag-domeniul-universitar","tag-masuri-economice","tag-premier-ilie-bolojan","tag-reducerea-cheltuielilor","tag-spor-doctorat"],"_links":{"self":[{"href":"https:\/\/www.newsrecorder.ro\/app\/wp-json\/wp\/v2\/posts\/5010","targetHints":{"allow":["GET"]}}],"collection":[{"href":"https:\/\/www.newsrecorder.ro\/app\/wp-json\/wp\/v2\/posts"}],"about":[{"href":"https:\/\/www.newsrecorder.ro\/app\/wp-json\/wp\/v2\/types\/post"}],"author":[{"embeddable":true,"href":"https:\/\/www.newsrecorder.ro\/app\/wp-json\/wp\/v2\/users\/2"}],"replies":[{"embeddable":true,"href":"https:\/\/www.newsrecorder.ro\/app\/wp-json\/wp\/v2\/comments?post=5010"}],"version-history":[{"count":0,"href":"https:\/\/www.newsrecorder.ro\/app\/wp-json\/wp\/v2\/posts\/5010\/revisions"}],"wp:featuredmedia":[{"embeddable":true,"href":"https:\/\/www.newsrecorder.ro\/app\/wp-json\/wp\/v2\/media\/5011"}],"wp:attachment":[{"href":"https:\/\/www.newsrecorder.ro\/app\/wp-json\/wp\/v2\/media?parent=5010"}],"wp:term":[{"taxonomy":"category","embeddable":true,"href":"https:\/\/www.newsrecorder.ro\/app\/wp-json\/wp\/v2\/categories?post=5010"},{"taxonomy":"post_tag","embeddable":true,"href":"https:\/\/www.newsrecorder.ro\/app\/wp-json\/wp\/v2\/tags?post=5010"}],"curies":[{"name":"wp","href":"https:\/\/api.w.org\/{rel}","templated":true}]}}