{"id":5012,"date":"2026-02-24T21:37:27","date_gmt":"2026-02-24T21:37:27","guid":{"rendered":"https:\/\/www.newsrecorder.ro\/app\/2026\/02\/24\/bolojan-anuntul-despre-noul-ministru-al-educatiei-vine-curand\/"},"modified":"2026-02-24T21:37:27","modified_gmt":"2026-02-24T21:37:27","slug":"bolojan-anuntul-despre-noul-ministru-al-educatiei-vine-curand","status":"publish","type":"post","link":"https:\/\/www.newsrecorder.ro\/app\/2026\/02\/24\/bolojan-anuntul-despre-noul-ministru-al-educatiei-vine-curand\/","title":{"rendered":"Bolojan: Anun\u021bul despre noul Ministru al Educa\u021biei vine cur\u00e2nd!"},"content":{"rendered":"<p>Mar\u021bi seara, dup\u0103 o \u0219edin\u021b\u0103 extraordinar\u0103 de guvern, premierul Ilie Bolojan a fost \u00eentrebat c\u00e2nd va fi f\u0103cut\u0103 nominalizarea pentru un nou ministru al Educa\u021biei. Acesta a r\u0103spuns c\u0103 \u201eministrul Educa\u021biei va fi nominalizat \u00een zilele urm\u0103toare\u201d, ad\u0103ug\u00e2nd c\u0103 acest lucru se va \u00eent\u00e2mpla \u201edup\u0103 ce m\u0103 voi \u00eentoarce de la Bruxelles\u201d.<\/p>\n<p>Este important de men\u021bionat c\u0103 interimatul lui Ilie Bolojan \u00een fruntea Ministerului Educa\u021biei va expira vineri, pe 27 februarie 2026, iar p\u00e2n\u0103 \u00een prezent, problema numirii unui nou ministru nu a fost rezolvat\u0103.<\/p>\n<p>Provoc\u0103rile pentru persoana care va prelua conducerea Ministerului Educa\u021biei sunt considerabile. Profesorii amenin\u021b\u0103 cu greve \u0219i solicit\u0103 revenirea la condi\u021biile anterioare aplic\u0103rii m\u0103surilor implementate de fostul ministru, Daniel David. \u00cen acela\u0219i timp, Bolojan propune t\u0103ieri semnificative de salarii, iar toat\u0103 lumea a\u0219teapt\u0103 de la noul ministru s\u0103 fie o figur\u0103 academic\u0103 puternic\u0103, cu un statut moral impecabil, capabil\u0103 s\u0103 gestioneze situa\u021bii extrem de dificile.<\/p>\n<p>Portofoliul Ministerului Educa\u021biei este vacant din data de 22 decembrie, c\u00e2nd Daniel David a demisionat. Cu toate acestea, recunoa\u0219terea oficial\u0103 a demisiei a venit abia dup\u0103 23 de zile de am\u00e2nare, ceea ce a complicat \u0219i mai mult situa\u021bia.<\/p>\n","protected":false},"excerpt":{"rendered":"<p>Mar\u021bi seara, dup\u0103 o \u0219edin\u021b\u0103 extraordinar\u0103 de guvern, premierul Ilie Bolojan a fost \u00eentrebat c\u00e2nd va fi f\u0103cut\u0103 nominalizarea pentru un nou ministru al Educa\u021biei. Acesta a r\u0103spuns c\u0103 \u201eministrul Educa\u021biei va fi nominalizat \u00een zilele urm\u0103toare\u201d, ad\u0103ug\u00e2nd c\u0103 acest lucru se va \u00eent\u00e2mpla \u201edup\u0103 ce m\u0103 voi \u00eentoarce de la Bruxelles\u201d. Este important de [&hellip;]<\/p>\n","protected":false},"author":2,"featured_media":5013,"comment_status":"open","ping_status":"open","sticky":false,"template":"","format":"standard","meta":{"jnews-multi-image_gallery":[],"jnews_single_post":[],"jnews_primary_category":[],"jnews_override_counter":[],"footnotes":""},"categories":[42],"tags":[7598,7600,7597,302,7596,7130,7599,2978],"class_list":["post-5012","post","type-post","status-publish","format-standard","has-post-thumbnail","hentry","category-politica","tag-conditii-de-munca","tag-figura-academica","tag-greva-profesori","tag-ilie-bolojan","tag-ministerul-educatiei","tag-nominalizare","tag-provocari-educatie","tag-salarii"],"_links":{"self":[{"href":"https:\/\/www.newsrecorder.ro\/app\/wp-json\/wp\/v2\/posts\/5012","targetHints":{"allow":["GET"]}}],"collection":[{"href":"https:\/\/www.newsrecorder.ro\/app\/wp-json\/wp\/v2\/posts"}],"about":[{"href":"https:\/\/www.newsrecorder.ro\/app\/wp-json\/wp\/v2\/types\/post"}],"author":[{"embeddable":true,"href":"https:\/\/www.newsrecorder.ro\/app\/wp-json\/wp\/v2\/users\/2"}],"replies":[{"embeddable":true,"href":"https:\/\/www.newsrecorder.ro\/app\/wp-json\/wp\/v2\/comments?post=5012"}],"version-history":[{"count":0,"href":"https:\/\/www.newsrecorder.ro\/app\/wp-json\/wp\/v2\/posts\/5012\/revisions"}],"wp:featuredmedia":[{"embeddable":true,"href":"https:\/\/www.newsrecorder.ro\/app\/wp-json\/wp\/v2\/media\/5013"}],"wp:attachment":[{"href":"https:\/\/www.newsrecorder.ro\/app\/wp-json\/wp\/v2\/media?parent=5012"}],"wp:term":[{"taxonomy":"category","embeddable":true,"href":"https:\/\/www.newsrecorder.ro\/app\/wp-json\/wp\/v2\/categories?post=5012"},{"taxonomy":"post_tag","embeddable":true,"href":"https:\/\/www.newsrecorder.ro\/app\/wp-json\/wp\/v2\/tags?post=5012"}],"curies":[{"name":"wp","href":"https:\/\/api.w.org\/{rel}","templated":true}]}}