{"id":5040,"date":"2026-02-24T22:12:40","date_gmt":"2026-02-24T22:12:40","guid":{"rendered":"https:\/\/www.newsrecorder.ro\/app\/2026\/02\/24\/japonia-intensifica-tensiunile-in-asia-rachete-sol-aer-langa-taiwan\/"},"modified":"2026-02-24T22:12:40","modified_gmt":"2026-02-24T22:12:40","slug":"japonia-intensifica-tensiunile-in-asia-rachete-sol-aer-langa-taiwan","status":"publish","type":"post","link":"https:\/\/www.newsrecorder.ro\/app\/2026\/02\/24\/japonia-intensifica-tensiunile-in-asia-rachete-sol-aer-langa-taiwan\/","title":{"rendered":"Japonia intensific\u0103 tensiunile \u00een Asia: rachete sol-aer l\u00e2ng\u0103 Taiwan!"},"content":{"rendered":"<p>Japonia pl\u0103nuie\u0219te s\u0103 implementeze rachete sol-aer \u00een apropierea Taiwanului p\u00e2n\u0103 \u00een anul 2031, conform unui articol publicat de <a href=\"https:\/\/www.lefigaro.fr\/international\/le-japon-deploiera-des-missiles-sol-air-a-proximite-de-taiwan-d-ici-2031-20260224\" target=\"_blank\" rel=\"noopener\">Le Figaro<\/a>. Aceste rachete vor fi amplasate pe insula Yonaguni, care se afl\u0103 la aproximativ 110 kilometri est de Taiwan \u0219i g\u0103zduie\u0219te deja o baz\u0103 militar\u0103 japonez\u0103.<\/p>\n<p>Informa\u021bia a fost dezv\u0103luit\u0103 mar\u021bi de c\u0103tre ministrul japonez al Ap\u0103r\u0103rii, Shinjiro Koizumi, \u00een cadrul unei conferin\u021be de pres\u0103. Autorit\u0103\u021bile nipone \u00ee\u0219i exprim\u0103 tot mai frecvent \u00eengrijorarea fa\u021b\u0103 de ambi\u021biile militare ale Chinei \u00een regiune. De altfel, Japonia a anun\u021bat \u00eenc\u0103 din 2022 inten\u021bia de a \u00eenfiin\u021ba o astfel de baz\u0103, \u00eens\u0103 atunci nu a oferit detalii privind un termen exact.<\/p>\n<p>Acest anun\u021b vine pe fondul unei serii de <a href=\"https:\/\/www.mediafax.ro\/externe\/china-interzice-exporturile-catre-japonia-beijingul-escaladeaza-disputa-economica-si-militara-23692114\">m\u0103suri economice \u0219i politice<\/a> adoptate de China \u00eempotriva Japoniei, care au \u00eenceput \u00een noiembrie. Aceste m\u0103suri au fost ca reac\u021bie la declara\u021biile prim-ministrului japonez, Sanae Takaichi, care a l\u0103sat s\u0103 se \u00een\u021beleag\u0103 c\u0103 Japonia ar putea interveni militar \u00een cazul unui atac chinez asupra Taiwanului, teritoriu revendicat de Beijing.<\/p>\n<p>\u00cen urma acestor evenimente, China a descurajat cet\u0103\u021benii s\u0103 c\u0103l\u0103toreasc\u0103 \u00een Japonia, iar mar\u021bi a anun\u021bat m\u0103suri drastice \u00eempotriva a 40 de companii \u0219i organiza\u021bii japoneze, acuz\u00e2ndu-le de implicare \u00een \u201eremilitarizarea\u201d Japoniei.<\/p>\n","protected":false},"excerpt":{"rendered":"<p>Japonia pl\u0103nuie\u0219te s\u0103 implementeze rachete sol-aer \u00een apropierea Taiwanului p\u00e2n\u0103 \u00een anul 2031, conform unui articol publicat de Le Figaro. Aceste rachete vor fi amplasate pe insula Yonaguni, care se afl\u0103 la aproximativ 110 kilometri est de Taiwan \u0219i g\u0103zduie\u0219te deja o baz\u0103 militar\u0103 japonez\u0103. Informa\u021bia a fost dezv\u0103luit\u0103 mar\u021bi de c\u0103tre ministrul japonez al [&hellip;]<\/p>\n","protected":false},"author":2,"featured_media":5041,"comment_status":"open","ping_status":"open","sticky":false,"template":"","format":"standard","meta":{"jnews-multi-image_gallery":[],"jnews_single_post":[],"jnews_primary_category":[],"jnews_override_counter":[],"footnotes":""},"categories":[41],"tags":[7659,385,2138,5789,7656,7658,442,7657],"class_list":["post-5040","post","type-post","status-publish","format-standard","has-post-thumbnail","hentry","category-externe","tag-ambitii-militare","tag-japonia","tag-masuri-economice","tag-ministrul-apararii","tag-rachete-sol-aer","tag-shinjiro-koizumi","tag-taiwan","tag-yonaguni"],"_links":{"self":[{"href":"https:\/\/www.newsrecorder.ro\/app\/wp-json\/wp\/v2\/posts\/5040","targetHints":{"allow":["GET"]}}],"collection":[{"href":"https:\/\/www.newsrecorder.ro\/app\/wp-json\/wp\/v2\/posts"}],"about":[{"href":"https:\/\/www.newsrecorder.ro\/app\/wp-json\/wp\/v2\/types\/post"}],"author":[{"embeddable":true,"href":"https:\/\/www.newsrecorder.ro\/app\/wp-json\/wp\/v2\/users\/2"}],"replies":[{"embeddable":true,"href":"https:\/\/www.newsrecorder.ro\/app\/wp-json\/wp\/v2\/comments?post=5040"}],"version-history":[{"count":0,"href":"https:\/\/www.newsrecorder.ro\/app\/wp-json\/wp\/v2\/posts\/5040\/revisions"}],"wp:featuredmedia":[{"embeddable":true,"href":"https:\/\/www.newsrecorder.ro\/app\/wp-json\/wp\/v2\/media\/5041"}],"wp:attachment":[{"href":"https:\/\/www.newsrecorder.ro\/app\/wp-json\/wp\/v2\/media?parent=5040"}],"wp:term":[{"taxonomy":"category","embeddable":true,"href":"https:\/\/www.newsrecorder.ro\/app\/wp-json\/wp\/v2\/categories?post=5040"},{"taxonomy":"post_tag","embeddable":true,"href":"https:\/\/www.newsrecorder.ro\/app\/wp-json\/wp\/v2\/tags?post=5040"}],"curies":[{"name":"wp","href":"https:\/\/api.w.org\/{rel}","templated":true}]}}