{"id":5056,"date":"2026-02-24T22:16:12","date_gmt":"2026-02-24T22:16:12","guid":{"rendered":"https:\/\/www.newsrecorder.ro\/app\/2026\/02\/24\/kaufland-si-lidl-ce-conditii-impun-pentru-preluarea-la-cocos\/"},"modified":"2026-02-24T22:16:12","modified_gmt":"2026-02-24T22:16:12","slug":"kaufland-si-lidl-ce-conditii-impun-pentru-preluarea-la-cocos","status":"publish","type":"post","link":"https:\/\/www.newsrecorder.ro\/app\/2026\/02\/24\/kaufland-si-lidl-ce-conditii-impun-pentru-preluarea-la-cocos\/","title":{"rendered":"Kaufland \u0219i Lidl: Ce condi\u021bii impun pentru preluarea La Coco\u0219?"},"content":{"rendered":"<p>Conform declara\u021biilor oficiale, Consiliul Concuren\u021bei a demarat o investiga\u021bie \u00een privin\u021ba unei concentr\u0103ri economice, marc\u00e2nd astfel un moment istoric, fiind doar al doilea astfel de caz \u00eenregistrat vreodat\u0103. Pre\u0219edintele institu\u021biei, Bogdan Chiri\u021boiu, a subliniat c\u0103 aceast\u0103 investiga\u021bie reflect\u0103 \u201eimportan\u021ba tranzac\u021biei \u0219i impactul poten\u021bial asupra pie\u021bei\u201d.<\/p>\n<p>Grupul Schwarz a prezentat un pachet de angajamente destinat s\u0103 asigure continuitatea modelului de afaceri al re\u021belei La Coco\u0219, cunoscut pentru pre\u021burile reduse \u0219i volumele mari de v\u00e2nz\u0103ri. Aceste m\u0103suri vizeaz\u0103 limitarea riscurilor concuren\u021biale \u00een sectorul retailului alimentar. \u00cen esen\u021b\u0103, grupul s-a angajat s\u0103:<\/p>\n<p>Men\u021bin\u0103 separarea re\u021belei La Coco\u0219 de structurile Kaufland \u0219i Lidl, stabilind restric\u021bii clare asupra achizi\u021biilor. Astfel, autoritatea de concuren\u021b\u0103 a confirmat c\u0103 angajamentele vizeaz\u0103 p\u0103strarea modelului de afaceri La Coco\u0219, care se bazeaz\u0103 pe pre\u021buri competitive \u0219i v\u00e2nz\u0103ri mari, av\u00e2nd ca obiectiv men\u021binerea unor pre\u021buri sub nivelul mediu al pie\u021bei. Aceste m\u0103suri vor fi valabile pentru o perioad\u0103 de patru ani de la finalizarea tranzac\u021biei.<\/p>\n<p>\u00cen plus, La Coco\u0219 va r\u0103m\u00e2ne independent\u0103 de structurile corporative ale Kaufland Rom\u00e2nia \u0219i Lidl Rom\u00e2nia, pentru a asigura o autonomie comercial\u0103 \u0219i a limita efectele unei eventuale consolid\u0103ri excesive. De asemenea, grupul Schwarz s-a angajat s\u0103 nu efectueze achizi\u021bii sub pragurile de notificare \u00een sectorul retailului alimentar \u0219i s\u0103 informeze autoritatea de concuren\u021b\u0103 despre orice achizi\u021bie sau \u00eenchiriere de spa\u021bii comerciale, precum \u0219i despre planurile de deschidere de noi magazine.<\/p>\n<p>Pe l\u00e2ng\u0103 aceste angajamente, grupul Schwarz a promis c\u0103 nu va \u00eenchide \u0219i nu va restric\u021biona activitatea re\u021belei La Coco\u0219 pe o perioad\u0103 de cinci ani, asigur\u00e2ndu-se astfel continuitatea opera\u021biunilor comerciale sub acela\u0219i brand. Mai mult, grupul se angajeaz\u0103 s\u0103 extind\u0103 re\u021beaua La Coco\u0219 la nivel na\u021bional prin deschiderea de noi magazine \u00een urm\u0103torii cinci ani, ceea ce va \u00eembun\u0103t\u0103\u021bi accesibilitatea consumatorilor \u0219i va stimula concuren\u021ba \u00een retail.<\/p>\n<p>Separarea re\u021belei La Coco\u0219 de structurile Kaufland \u0219i Lidl se va men\u021bine timp de cinci ani, garant\u00e2nd astfel independen\u021ba comercial\u0103 a La Coco\u0219 \u0219i limit\u00e2nd riscurile de consolidare excesiv\u0103 pe pia\u021ba produselor de larg consum. \u00cen plus, angajamentele includ interzicerea achizi\u021biilor sub pragurile de notificare, ceea ce va reduce riscurile de \u00eent\u0103rire a pozi\u021biei grupului pe pie\u021bele deja concentrate.<\/p>\n<p>\u00centr-o m\u0103sur\u0103 suplimentar\u0103 de transparen\u021b\u0103, companiile implicate vor avea obliga\u021bia de a informa Consiliul Concuren\u021bei cu privire la achizi\u021biile \u0219i \u00eenchirierile de spa\u021bii comerciale, precum \u0219i la planurile de deschidere a magazinelor, ceea ce va permite o monitorizare mai eficient\u0103 a pie\u021belor locale sensibile.<\/p>\n<p>De asemenea, grupul Schwarz s-a angajat s\u0103 protejeze furnizorii exclusivi ai Supermarket La Coco\u0219 printr-o procedur\u0103 de delistare similar\u0103 cu cea aplicat\u0103 \u00een cazul prelu\u0103rii magazinelor Profi de c\u0103tre Mega Image. Astfel, pentru o durat\u0103 de doi ani, grupul va asigura men\u021binerea rela\u021biilor comerciale cu furnizorii care nu colaboreaz\u0103 cu Kaufland \u0219i Lidl. Aceast\u0103 m\u0103sur\u0103 are rolul de a conserva sortimentele existente \u00een magazinele La Coco\u0219 \u0219i de a limita presiunea comercial\u0103 asupra furnizorilor, contribuind astfel la protejarea intereselor consumatorilor.<\/p>\n","protected":false},"excerpt":{"rendered":"<p>Conform declara\u021biilor oficiale, Consiliul Concuren\u021bei a demarat o investiga\u021bie \u00een privin\u021ba unei concentr\u0103ri economice, marc\u00e2nd astfel un moment istoric, fiind doar al doilea astfel de caz \u00eenregistrat vreodat\u0103. Pre\u0219edintele institu\u021biei, Bogdan Chiri\u021boiu, a subliniat c\u0103 aceast\u0103 investiga\u021bie reflect\u0103 \u201eimportan\u021ba tranzac\u021biei \u0219i impactul poten\u021bial asupra pie\u021bei\u201d. Grupul Schwarz a prezentat un pachet de angajamente destinat s\u0103 [&hellip;]<\/p>\n","protected":false},"author":4,"featured_media":5057,"comment_status":"open","ping_status":"open","sticky":false,"template":"","format":"standard","meta":{"jnews-multi-image_gallery":[],"jnews_single_post":[],"jnews_primary_category":[],"jnews_override_counter":[],"footnotes":""},"categories":[40],"tags":[1060,7686,2483,7687,1079,2939,7688,7689],"class_list":["post-5056","post","type-post","status-publish","format-standard","has-post-thumbnail","hentry","category-econonie","tag-angajamente","tag-concentrari-economice","tag-consiliul-concurentei","tag-grupul-schwarz","tag-investigatie","tag-preturi-competitive","tag-reteaua-la-cocos","tag-sectorul-retail"],"_links":{"self":[{"href":"https:\/\/www.newsrecorder.ro\/app\/wp-json\/wp\/v2\/posts\/5056","targetHints":{"allow":["GET"]}}],"collection":[{"href":"https:\/\/www.newsrecorder.ro\/app\/wp-json\/wp\/v2\/posts"}],"about":[{"href":"https:\/\/www.newsrecorder.ro\/app\/wp-json\/wp\/v2\/types\/post"}],"author":[{"embeddable":true,"href":"https:\/\/www.newsrecorder.ro\/app\/wp-json\/wp\/v2\/users\/4"}],"replies":[{"embeddable":true,"href":"https:\/\/www.newsrecorder.ro\/app\/wp-json\/wp\/v2\/comments?post=5056"}],"version-history":[{"count":0,"href":"https:\/\/www.newsrecorder.ro\/app\/wp-json\/wp\/v2\/posts\/5056\/revisions"}],"wp:featuredmedia":[{"embeddable":true,"href":"https:\/\/www.newsrecorder.ro\/app\/wp-json\/wp\/v2\/media\/5057"}],"wp:attachment":[{"href":"https:\/\/www.newsrecorder.ro\/app\/wp-json\/wp\/v2\/media?parent=5056"}],"wp:term":[{"taxonomy":"category","embeddable":true,"href":"https:\/\/www.newsrecorder.ro\/app\/wp-json\/wp\/v2\/categories?post=5056"},{"taxonomy":"post_tag","embeddable":true,"href":"https:\/\/www.newsrecorder.ro\/app\/wp-json\/wp\/v2\/tags?post=5056"}],"curies":[{"name":"wp","href":"https:\/\/api.w.org\/{rel}","templated":true}]}}