{"id":5060,"date":"2026-02-24T22:45:30","date_gmt":"2026-02-24T22:45:30","guid":{"rendered":"https:\/\/www.newsrecorder.ro\/app\/2026\/02\/24\/radu-miruta-dezvaluie-doua-scenarii-pentru-promovarea-csa-steaua\/"},"modified":"2026-02-24T22:45:30","modified_gmt":"2026-02-24T22:45:30","slug":"radu-miruta-dezvaluie-doua-scenarii-pentru-promovarea-csa-steaua","status":"publish","type":"post","link":"https:\/\/www.newsrecorder.ro\/app\/2026\/02\/24\/radu-miruta-dezvaluie-doua-scenarii-pentru-promovarea-csa-steaua\/","title":{"rendered":"Radu Miru\u021b\u0103 dezv\u0103luie dou\u0103 scenarii pentru promovarea CSA Steaua!"},"content":{"rendered":"<p>Ministrul Radu Miru\u021b\u0103 a abordat, \u00een cadrul unei emisiuni la TVR, situa\u021bia complex\u0103 \u00een care se afl\u0103 clubul CSA Steaua, subliniind c\u0103 sportivii ar trebui s\u0103 aib\u0103 oportunitatea de a concura pe terenul de joc, indiferent de circumstan\u021bele legale. \u201eEu principial spun c\u0103, dac\u0103 e\u0219ti bun sau dac\u0103 e\u0219ti r\u0103u, trebuie s\u0103 ba\u021bi sau s\u0103 pierzi pe terenul de joc. Nu s\u0103 fie o barier\u0103 \u00een m\u00e2na unui politician care s\u0103 spun\u0103 c\u0103 ai ajuns s\u0103 promovezi \u00een Divizia A \u0219i nu po\u021bi pentru c\u0103 este o lege care \u00ee\u021bi interzice\u201d, a declarat Miru\u021b\u0103.<\/p>\n<p>Ministrul a propus dou\u0103 solu\u021bii pentru a dep\u0103\u0219i aceast\u0103 situa\u021bie: fie schimbarea legii, fie \u00eemp\u0103r\u021birea competi\u021biei \u00eentre sectorul public \u0219i cel privat. \u201eSunt \u00een analiz\u0103 zilele acestea care dintre cele dou\u0103 metode pot avea \u0219ans\u0103 mai mare sau se merge cu ele \u00een paralel\u201d, a ad\u0103ugat el, eviden\u021biind importan\u021ba g\u0103sirii unei solu\u021bii viabile.<\/p>\n<p>Miru\u021b\u0103 a insistat asupra corectitudinii \u00een sport, afirm\u00e2nd c\u0103 nu este just s\u0103 se \u021bin\u0103 pe margine sportivi talenta\u021bi care au muncit din greu pentru a-\u0219i demonstra abilit\u0103\u021bile. \u201eNu este cinstit s\u0103 \u021bii ni\u0219te sportivi buni pe margine, dup\u0103 ce s-au luptat 90 de minute, doar pentru c\u0103 cineva a scris cu pixul undeva c\u0103 nu au voie s\u0103 joace mai departe. Vorbesc despre fotbal, dar se aplic\u0103 \u0219i la celelalte sporturi\u201d, a concluzionat ministrul.<\/p>\n<p>\u00cen prezent, CSA Steaua joac\u0103 \u00een Liga a doua, iar statutul s\u0103u juridic de club de drept public \u00eel \u00eempiedic\u0103 s\u0103 \u00eendeplineasc\u0103 condi\u021biile necesare pentru a participa \u00een Superliga Rom\u00e2niei, ceea ce ad\u00e2nce\u0219te \u0219i mai mult dilema clubului \u0219i a sportivilor s\u0103i.<\/p>\n","protected":false},"excerpt":{"rendered":"<p>Ministrul Radu Miru\u021b\u0103 a abordat, \u00een cadrul unei emisiuni la TVR, situa\u021bia complex\u0103 \u00een care se afl\u0103 clubul CSA Steaua, subliniind c\u0103 sportivii ar trebui s\u0103 aib\u0103 oportunitatea de a concura pe terenul de joc, indiferent de circumstan\u021bele legale. \u201eEu principial spun c\u0103, dac\u0103 e\u0219ti bun sau dac\u0103 e\u0219ti r\u0103u, trebuie s\u0103 ba\u021bi sau s\u0103 [&hellip;]<\/p>\n","protected":false},"author":2,"featured_media":5061,"comment_status":"open","ping_status":"open","sticky":false,"template":"","format":"standard","meta":{"jnews-multi-image_gallery":[],"jnews_single_post":[],"jnews_primary_category":[],"jnews_override_counter":[],"footnotes":""},"categories":[39],"tags":[7693,56,7694,1896,4739,665,664,3410],"class_list":["post-5060","post","type-post","status-publish","format-standard","has-post-thumbnail","hentry","category-stirile-zilei","tag-clubul-csa-steaua","tag-competitie","tag-corectitudine-in-sport","tag-lege","tag-radu-miruta","tag-sector-privat","tag-sector-public","tag-televiziune"],"_links":{"self":[{"href":"https:\/\/www.newsrecorder.ro\/app\/wp-json\/wp\/v2\/posts\/5060","targetHints":{"allow":["GET"]}}],"collection":[{"href":"https:\/\/www.newsrecorder.ro\/app\/wp-json\/wp\/v2\/posts"}],"about":[{"href":"https:\/\/www.newsrecorder.ro\/app\/wp-json\/wp\/v2\/types\/post"}],"author":[{"embeddable":true,"href":"https:\/\/www.newsrecorder.ro\/app\/wp-json\/wp\/v2\/users\/2"}],"replies":[{"embeddable":true,"href":"https:\/\/www.newsrecorder.ro\/app\/wp-json\/wp\/v2\/comments?post=5060"}],"version-history":[{"count":0,"href":"https:\/\/www.newsrecorder.ro\/app\/wp-json\/wp\/v2\/posts\/5060\/revisions"}],"wp:featuredmedia":[{"embeddable":true,"href":"https:\/\/www.newsrecorder.ro\/app\/wp-json\/wp\/v2\/media\/5061"}],"wp:attachment":[{"href":"https:\/\/www.newsrecorder.ro\/app\/wp-json\/wp\/v2\/media?parent=5060"}],"wp:term":[{"taxonomy":"category","embeddable":true,"href":"https:\/\/www.newsrecorder.ro\/app\/wp-json\/wp\/v2\/categories?post=5060"},{"taxonomy":"post_tag","embeddable":true,"href":"https:\/\/www.newsrecorder.ro\/app\/wp-json\/wp\/v2\/tags?post=5060"}],"curies":[{"name":"wp","href":"https:\/\/api.w.org\/{rel}","templated":true}]}}