{"id":5090,"date":"2026-02-25T09:43:47","date_gmt":"2026-02-25T09:43:47","guid":{"rendered":"https:\/\/www.newsrecorder.ro\/app\/2026\/02\/25\/merz-in-beijing-germania-cauta-o-cooperare-economica-echitabila\/"},"modified":"2026-02-25T09:43:47","modified_gmt":"2026-02-25T09:43:47","slug":"merz-in-beijing-germania-cauta-o-cooperare-economica-echitabila","status":"publish","type":"post","link":"https:\/\/www.newsrecorder.ro\/app\/2026\/02\/25\/merz-in-beijing-germania-cauta-o-cooperare-economica-echitabila\/","title":{"rendered":"Merz \u00een Beijing: Germania caut\u0103 o cooperare economic\u0103 echitabil\u0103!"},"content":{"rendered":"<p>\u201eAvem preocup\u0103ri foarte specifice cu privire la cooperarea noastr\u0103, pe care dorim s\u0103 o \u00eembun\u0103t\u0103\u021bim \u0219i s\u0103 o facem echitabil\u0103\u201d, a declarat Friedrich Merz, adres\u00e2ndu-se omologului s\u0103u chinez, Li Qiang. Aceast\u0103 afirma\u021bie subliniaz\u0103 importan\u021ba men\u021binerii \u0219i consolid\u0103rii rela\u021biilor economice cu China, conform informa\u021biilor furnizate de Reuters.<\/p>\n<p>Premierul chinez, Li Qiang, a r\u0103spuns prin a sublinia c\u0103 \u201eChina \u0219i Germania, fiind dou\u0103 dintre cele mai mari economii ale lumii \u0219i \u021b\u0103ri cu o influen\u021b\u0103 semnificativ\u0103, ar trebui s\u0103 \u00ee\u0219i \u00eent\u0103reasc\u0103 \u00eencrederea \u00een cooperare \u0219i s\u0103 protejeze \u00eempreun\u0103 multilateralismul \u0219i liberul schimb\u201d. Aceast\u0103 pozi\u021bie a fost exprimat\u0103 \u00een contextul criticii fa\u021b\u0103 de tarifele globale impuse de fostul pre\u0219edinte Trump, care au avut un impact negativ asupra comer\u021bului interna\u021bional.<\/p>\n<p>Vizita lui Merz se desf\u0103\u0219oar\u0103 \u00eentr-un climat de \u00eengrijorare \u00een Europa privind dependen\u021ba economic\u0103 de China. Comisarul european pentru comer\u021b, Maro\u0161 \u0160ef\u010dovi\u010d, a avertizat recent Parlamentul European cu privire la influen\u021ba cresc\u00e2nd\u0103 a Chinei \u00een sectoare de produc\u021bie esen\u021biale \u0219i asupra diminu\u0103rii cotei de pia\u021b\u0103 a companiilor europene \u00een China.<\/p>\n<p>\u00cen cadrul vizitei, al\u0103turi de delega\u021bia cancelarului Merz, s-au al\u0103turat \u0219i 30 de companii, inclusiv mari produc\u0103tori auto precum Volkswagen \u0219i BMW, care resimt direct intensificarea concuren\u021bei din partea Chinei.<\/p>\n<p>Aceast\u0103 vizit\u0103 la Beijing face parte dintr-un efort interna\u021bional mai amplu de a restabili rela\u021biile economice cu China. Cu c\u00e2teva zile \u00eenainte, premierul Marii Britanii, Keir Starmer, \u0219i premierul Canadei, Mark Carney, au \u00eentreprins demersuri similare, eviden\u021biind o tendin\u021b\u0103 global\u0103 de reconsolidare a leg\u0103turilor economice cu aceast\u0103 \u021bar\u0103 major\u0103.<\/p>\n","protected":false},"excerpt":{"rendered":"<p>\u201eAvem preocup\u0103ri foarte specifice cu privire la cooperarea noastr\u0103, pe care dorim s\u0103 o \u00eembun\u0103t\u0103\u021bim \u0219i s\u0103 o facem echitabil\u0103\u201d, a declarat Friedrich Merz, adres\u00e2ndu-se omologului s\u0103u chinez, Li Qiang. Aceast\u0103 afirma\u021bie subliniaz\u0103 importan\u021ba men\u021binerii \u0219i consolid\u0103rii rela\u021biilor economice cu China, conform informa\u021biilor furnizate de Reuters. Premierul chinez, Li Qiang, a r\u0103spuns prin a sublinia [&hellip;]<\/p>\n","protected":false},"author":2,"featured_media":5091,"comment_status":"open","ping_status":"open","sticky":false,"template":"","format":"standard","meta":{"jnews-multi-image_gallery":[],"jnews_single_post":[],"jnews_primary_category":[],"jnews_override_counter":[],"footnotes":""},"categories":[41],"tags":[1459,875,659,4439,780,676,7747,708],"class_list":["post-5090","post","type-post","status-publish","format-standard","has-post-thumbnail","hentry","category-externe","tag-china","tag-comert","tag-cooperare","tag-dependenta","tag-economie","tag-germania","tag-multilateralism","tag-tarife"],"_links":{"self":[{"href":"https:\/\/www.newsrecorder.ro\/app\/wp-json\/wp\/v2\/posts\/5090","targetHints":{"allow":["GET"]}}],"collection":[{"href":"https:\/\/www.newsrecorder.ro\/app\/wp-json\/wp\/v2\/posts"}],"about":[{"href":"https:\/\/www.newsrecorder.ro\/app\/wp-json\/wp\/v2\/types\/post"}],"author":[{"embeddable":true,"href":"https:\/\/www.newsrecorder.ro\/app\/wp-json\/wp\/v2\/users\/2"}],"replies":[{"embeddable":true,"href":"https:\/\/www.newsrecorder.ro\/app\/wp-json\/wp\/v2\/comments?post=5090"}],"version-history":[{"count":0,"href":"https:\/\/www.newsrecorder.ro\/app\/wp-json\/wp\/v2\/posts\/5090\/revisions"}],"wp:featuredmedia":[{"embeddable":true,"href":"https:\/\/www.newsrecorder.ro\/app\/wp-json\/wp\/v2\/media\/5091"}],"wp:attachment":[{"href":"https:\/\/www.newsrecorder.ro\/app\/wp-json\/wp\/v2\/media?parent=5090"}],"wp:term":[{"taxonomy":"category","embeddable":true,"href":"https:\/\/www.newsrecorder.ro\/app\/wp-json\/wp\/v2\/categories?post=5090"},{"taxonomy":"post_tag","embeddable":true,"href":"https:\/\/www.newsrecorder.ro\/app\/wp-json\/wp\/v2\/tags?post=5090"}],"curies":[{"name":"wp","href":"https:\/\/api.w.org\/{rel}","templated":true}]}}