{"id":5096,"date":"2026-02-25T09:44:59","date_gmt":"2026-02-25T09:44:59","guid":{"rendered":"https:\/\/www.newsrecorder.ro\/app\/2026\/02\/25\/munca-domestica-ar-putea-tripla-numarul-copiilor-care-muncesc-global\/"},"modified":"2026-02-25T09:44:59","modified_gmt":"2026-02-25T09:44:59","slug":"munca-domestica-ar-putea-tripla-numarul-copiilor-care-muncesc-global","status":"publish","type":"post","link":"https:\/\/www.newsrecorder.ro\/app\/2026\/02\/25\/munca-domestica-ar-putea-tripla-numarul-copiilor-care-muncesc-global\/","title":{"rendered":"Munca domestic\u0103 ar putea tripla num\u0103rul copiilor care muncesc global!"},"content":{"rendered":"<p>Cifrele sunt alarmante. Un studiu realizat de Institutul Na\u021bional de Studii Demografice, publicat miercuri, sugereaz\u0103 c\u0103 num\u0103rul copiilor care lucreaz\u0103 la nivel global s-ar putea tripla dac\u0103 munca domestic\u0103 ar fi evaluat\u0103 cu acelea\u0219i criterii ca munca economic\u0103. Aceast\u0103 informa\u021bie a fost raportat\u0103 de <a href=\"https:\/\/www.lefigaro.fr\/conjoncture\/le-nombre-d-enfants-qui-travaillent-dans-le-monde-serait-multiplie-par-trois-si-le-travail-domestique-etait-pris-en-compte-20260225\" target=\"_blank\" rel=\"noopener\">Le Figaro<\/a>.<\/p>\n<p>Studiul, publicat \u00een revista \u201ePopula\u021bie \u0219i societ\u0103\u021bi\u201d a Institutului Na\u021bional Francez pentru Studii Demografice (INED), eviden\u021biaz\u0103 c\u0103 datele furnizate de Organiza\u021bia Interna\u021bional\u0103 a Muncii (OIM) \u0219i UNICEF nu reflect\u0103 dimensiunea real\u0103 a muncii copiilor, \u00een special a fetelor. Aceasta deoarece nu iau \u00een considerare activit\u0103\u021bile casnice, cum ar fi colectarea apei sau lemnelor de foc, cur\u0103\u021benia, g\u0103titul sau \u00eengrijirea copiilor mici \u0219i a membrilor v\u00e2rstnici ai familiei. Autorii studiului, Andrea Verhulst-Georgoulis, Estelle Lauri\u00e8re de la INED \u0219i Fengqing Chao de la Universitatea Chinez\u0103 din Hong Kong, subliniaz\u0103 c\u0103 aceste sarcini pot afecta bun\u0103starea \u0219i dezvoltarea copiilor, \u00een special \u00een ceea ce prive\u0219te educa\u021bia lor.<\/p>\n<p>\u00cen 2024, conform estim\u0103rilor OIM \u0219i UNICEF, aproximativ 137,6 milioane de copii cu v\u00e2rste cuprinse \u00eentre 5 \u0219i 17 ani erau angaja\u021bi \u00een munc\u0103 la nivel mondial, ceea ce reprezint\u0103 7,8% din totalul copiilor din aceast\u0103 grup\u0103 de v\u00e2rst\u0103. Dintre ace\u0219tia, 55,5% erau b\u0103ie\u021bi. De\u0219i aceste cifre sunt \u00een sc\u0103dere \u2013 de la 13,6% \u00een 2008 \u2013 ele r\u0103m\u00e2n departe de obiectivul stabilit de Organiza\u021bia Na\u021biunilor Unite \u00een 2015, care viza eradicarea muncii copiilor p\u00e2n\u0103 \u00een 2025.<\/p>\n<p>Un aspect \u00eengrijor\u0103tor este c\u0103 autorii studiului men\u021bioneaz\u0103 c\u0103, dac\u0103 munca domestic\u0103 ar fi inclus\u0103 folosind acelea\u0219i criterii ca \u0219i munca economic\u0103, cifra total\u0103 a muncii copiilor ar fi de trei ori mai mare dec\u00e2t cea raportat\u0103 \u00een mod obi\u0219nuit. Aceasta metod\u0103 de calcul scoate \u00een eviden\u021b\u0103 o rat\u0103 semnificativ mai mare de participare a fetelor comparativ cu b\u0103ie\u021bii.<\/p>\n<p>Pragurile utilizate pentru a ajunge la aceste concluzii sunt: cel pu\u021bin o or\u0103 de munc\u0103 domestic\u0103 pe s\u0103pt\u0103m\u00e2n\u0103 pentru copiii cu v\u00e2rste \u00eentre 5 \u0219i 11 ani, 14 ore pentru cei cu v\u00e2rsta \u00eentre 12 \u0219i 14 ani \u0219i 43 de ore pentru adolescen\u021bii cu v\u00e2rsta \u00eentre 15 \u0219i 17 ani. De men\u021bionat este c\u0103 OIM utilizeaz\u0103 aceste praguri pentru munca economic\u0103, dar consider\u0103 c\u0103 orice copil expus la condi\u021bii de munc\u0103 periculoase este considerat angajat \u00een munc\u0103 infantil\u0103, indiferent de num\u0103rul de ore lucrate.<\/p>\n","protected":false},"excerpt":{"rendered":"<p>Cifrele sunt alarmante. Un studiu realizat de Institutul Na\u021bional de Studii Demografice, publicat miercuri, sugereaz\u0103 c\u0103 num\u0103rul copiilor care lucreaz\u0103 la nivel global s-ar putea tripla dac\u0103 munca domestic\u0103 ar fi evaluat\u0103 cu acelea\u0219i criterii ca munca economic\u0103. Aceast\u0103 informa\u021bie a fost raportat\u0103 de Le Figaro. Studiul, publicat \u00een revista \u201ePopula\u021bie \u0219i societ\u0103\u021bi\u201d a Institutului [&hellip;]<\/p>\n","protected":false},"author":2,"featured_media":5097,"comment_status":"open","ping_status":"open","sticky":false,"template":"","format":"standard","meta":{"jnews-multi-image_gallery":[],"jnews_single_post":[],"jnews_primary_category":[],"jnews_override_counter":[],"footnotes":""},"categories":[41],"tags":[7758,1176,7756,7757,7752,7754,7753,7755],"class_list":["post-5096","post","type-post","status-publish","format-standard","has-post-thumbnail","hentry","category-externe","tag-activitati-casnice","tag-copii","tag-ined","tag-munca-copiilor","tag-munca-domestica","tag-organizatia-internationala-a-muncii","tag-studiu-demografic","tag-unicef"],"_links":{"self":[{"href":"https:\/\/www.newsrecorder.ro\/app\/wp-json\/wp\/v2\/posts\/5096","targetHints":{"allow":["GET"]}}],"collection":[{"href":"https:\/\/www.newsrecorder.ro\/app\/wp-json\/wp\/v2\/posts"}],"about":[{"href":"https:\/\/www.newsrecorder.ro\/app\/wp-json\/wp\/v2\/types\/post"}],"author":[{"embeddable":true,"href":"https:\/\/www.newsrecorder.ro\/app\/wp-json\/wp\/v2\/users\/2"}],"replies":[{"embeddable":true,"href":"https:\/\/www.newsrecorder.ro\/app\/wp-json\/wp\/v2\/comments?post=5096"}],"version-history":[{"count":0,"href":"https:\/\/www.newsrecorder.ro\/app\/wp-json\/wp\/v2\/posts\/5096\/revisions"}],"wp:featuredmedia":[{"embeddable":true,"href":"https:\/\/www.newsrecorder.ro\/app\/wp-json\/wp\/v2\/media\/5097"}],"wp:attachment":[{"href":"https:\/\/www.newsrecorder.ro\/app\/wp-json\/wp\/v2\/media?parent=5096"}],"wp:term":[{"taxonomy":"category","embeddable":true,"href":"https:\/\/www.newsrecorder.ro\/app\/wp-json\/wp\/v2\/categories?post=5096"},{"taxonomy":"post_tag","embeddable":true,"href":"https:\/\/www.newsrecorder.ro\/app\/wp-json\/wp\/v2\/tags?post=5096"}],"curies":[{"name":"wp","href":"https:\/\/api.w.org\/{rel}","templated":true}]}}