{"id":5098,"date":"2026-02-25T09:45:18","date_gmt":"2026-02-25T09:45:18","guid":{"rendered":"https:\/\/www.newsrecorder.ro\/app\/2026\/02\/25\/bill-gates-recunoaste-legatura-cu-jeffrey-epstein-in-fundatia-gates\/"},"modified":"2026-02-25T09:45:18","modified_gmt":"2026-02-25T09:45:18","slug":"bill-gates-recunoaste-legatura-cu-jeffrey-epstein-in-fundatia-gates","status":"publish","type":"post","link":"https:\/\/www.newsrecorder.ro\/app\/2026\/02\/25\/bill-gates-recunoaste-legatura-cu-jeffrey-epstein-in-fundatia-gates\/","title":{"rendered":"Bill Gates recunoa\u0219te leg\u0103tura cu Jeffrey Epstein \u00een Funda\u021bia Gates"},"content":{"rendered":"<p>Declara\u021biile au fost f\u0103cute \u00een cadrul unei \u00eent\u00e2lniri interne cu angaja\u021bii funda\u021biei, gener\u00e2nd un val de reac\u021bii \u0219i discu\u021bii.<\/p>\n<p>Aceste comentarii au fost generate ca r\u0103spuns la un articol recent publicat de Wall Street Journal, care a dezv\u0103luit c\u0103 Bill Gates le-ar fi cerut scuze angaja\u021bilor pentru leg\u0103turile sale cu Jeffrey Epstein. Gates a recunoscut c\u0103 a fost \u201eo mare gre\u0219eal\u0103\u201d s\u0103 interac\u021bioneze cu Epstein \u0219i s\u0103 implice conducerea funda\u021biei \u00een \u00eent\u00e2lnirile cu acesta.<\/p>\n<p>Documentele divulgate de Departamentul Justi\u021biei subliniaz\u0103 c\u0103 Bill Gates \u0219i Jeffrey Epstein s-au \u00eent\u00e2lnit de mai multe ori, chiar \u0219i dup\u0103 ce Epstein a isp\u0103\u0219it o pedeaps\u0103 cu \u00eenchisoarea. Discu\u021biile dintre cei doi ar fi fost orientate spre extinderea activit\u0103\u021bilor filantropice ale fondatorului Microsoft.<\/p>\n<p>Conform celor relatate de Wall Street Journal, Gates a recunoscut \u00een fa\u021ba angaja\u021bilor c\u0103 Epstein era la curent cu dou\u0103 dintre rela\u021biile sale extraconjugale cu femei de origine rus\u0103, insist\u00e2nd totu\u0219i c\u0103 aceste rela\u021bii nu aveau nicio leg\u0103tur\u0103 cu victimele lui Epstein. \u201eNu am f\u0103cut nimic ilegal \u0219i nu am v\u0103zut nimic ilegal\u201d, ar fi afirmat Gates, conform unei \u00eenregistr\u0103ri audio citate de publica\u021bie.<\/p>\n<p>\u00cen ceea ce prive\u0219te reac\u021bia oficial\u0103 a Gates Foundation, un purt\u0103tor de cuv\u00e2nt al organiza\u021biei a confirmat c\u0103 Bill Gates a abordat deschis \u00eentreb\u0103rile angaja\u021bilor, inclusiv cele legate de publicarea dosarelor Epstein. Gates \u0219i-a asumat responsabilitatea pentru deciziile sale, iar funda\u021bia a subliniat c\u0103 nu a efectuat pl\u0103\u021bi c\u0103tre Epstein \u0219i nu l-a angajat niciodat\u0103 \u00een vreun rol oficial.<\/p>\n<p>Pe o not\u0103 separat\u0103, Bill Gates a decis s\u0103 se retrag\u0103 recent de la AI Impact Summit din India, cu doar c\u00e2teva ore \u00eenainte de discursul s\u0103u programat, ceea ce a st\u00e2rnit \u0219i mai multe specula\u021bii.<\/p>\n<p>Gates Foundation, \u00eenfiin\u021bat\u0103 \u00een anul 2000 de Bill Gates \u0219i fosta sa so\u021bie, continu\u0103 s\u0103 fie una dintre cele mai influente organiza\u021bii filantropice la nivel global, av\u00e2nd investi\u021bii semnificative \u00een domeniile s\u0103n\u0103t\u0103\u021bii globale \u0219i educa\u021biei.<\/p>\n","protected":false},"excerpt":{"rendered":"<p>Declara\u021biile au fost f\u0103cute \u00een cadrul unei \u00eent\u00e2lniri interne cu angaja\u021bii funda\u021biei, gener\u00e2nd un val de reac\u021bii \u0219i discu\u021bii. Aceste comentarii au fost generate ca r\u0103spuns la un articol recent publicat de Wall Street Journal, care a dezv\u0103luit c\u0103 Bill Gates le-ar fi cerut scuze angaja\u021bilor pentru leg\u0103turile sale cu Jeffrey Epstein. Gates a recunoscut [&hellip;]<\/p>\n","protected":false},"author":2,"featured_media":5099,"comment_status":"open","ping_status":"open","sticky":false,"template":"","format":"standard","meta":{"jnews-multi-image_gallery":[],"jnews_single_post":[],"jnews_primary_category":[],"jnews_override_counter":[],"footnotes":""},"categories":[41],"tags":[7761,1320,28,7759,4417,1708,7760,6628],"class_list":["post-5098","post","type-post","status-publish","format-standard","has-post-thumbnail","hentry","category-externe","tag-activitati-filantropice","tag-angajati","tag-jnews_demo_shopie-turner","tag-fundatia","tag-intalniri","tag-jeffrey-epstein","tag-scuze","tag-wall-street-journal"],"_links":{"self":[{"href":"https:\/\/www.newsrecorder.ro\/app\/wp-json\/wp\/v2\/posts\/5098","targetHints":{"allow":["GET"]}}],"collection":[{"href":"https:\/\/www.newsrecorder.ro\/app\/wp-json\/wp\/v2\/posts"}],"about":[{"href":"https:\/\/www.newsrecorder.ro\/app\/wp-json\/wp\/v2\/types\/post"}],"author":[{"embeddable":true,"href":"https:\/\/www.newsrecorder.ro\/app\/wp-json\/wp\/v2\/users\/2"}],"replies":[{"embeddable":true,"href":"https:\/\/www.newsrecorder.ro\/app\/wp-json\/wp\/v2\/comments?post=5098"}],"version-history":[{"count":0,"href":"https:\/\/www.newsrecorder.ro\/app\/wp-json\/wp\/v2\/posts\/5098\/revisions"}],"wp:featuredmedia":[{"embeddable":true,"href":"https:\/\/www.newsrecorder.ro\/app\/wp-json\/wp\/v2\/media\/5099"}],"wp:attachment":[{"href":"https:\/\/www.newsrecorder.ro\/app\/wp-json\/wp\/v2\/media?parent=5098"}],"wp:term":[{"taxonomy":"category","embeddable":true,"href":"https:\/\/www.newsrecorder.ro\/app\/wp-json\/wp\/v2\/categories?post=5098"},{"taxonomy":"post_tag","embeddable":true,"href":"https:\/\/www.newsrecorder.ro\/app\/wp-json\/wp\/v2\/tags?post=5098"}],"curies":[{"name":"wp","href":"https:\/\/api.w.org\/{rel}","templated":true}]}}