{"id":5129,"date":"2026-02-25T11:13:28","date_gmt":"2026-02-25T11:13:28","guid":{"rendered":"https:\/\/www.newsrecorder.ro\/app\/2026\/02\/25\/bistrita-barbat-amendat-pentru-incendierea-gunoaielor-langa-gaz\/"},"modified":"2026-02-25T11:13:28","modified_gmt":"2026-02-25T11:13:28","slug":"bistrita-barbat-amendat-pentru-incendierea-gunoaielor-langa-gaz","status":"publish","type":"post","link":"https:\/\/www.newsrecorder.ro\/app\/2026\/02\/25\/bistrita-barbat-amendat-pentru-incendierea-gunoaielor-langa-gaz\/","title":{"rendered":"Bistri\u021ba: B\u0103rbat amendat pentru incendierea gunoaielor l\u00e2ng\u0103 gaz!"},"content":{"rendered":"<p><em>\u201e\u00cen seara de mar\u021bi, \u00een timpul unei ac\u021biuni de patrulare, jandarmii de la Deta\u0219amentul 1 Mobil Bistri\u021ba au intervenit dup\u0103 ce au observat un b\u0103rbat pe strada Ar\u021barilor din municipiul Bistri\u021ba care incendia mai multe de\u0219euri\u201d<\/em>, informeaz\u0103 Jandarmeria Bistri\u021ba.<\/p>\n<p>B\u0103rbatul, \u00een v\u00e2rst\u0103 de 63 de ani \u0219i originar din N\u0103s\u0103ud, a aprins focul \u00een mijlocul unor de\u0219euri de plastic \u0219i cauciuc, realiz\u00e2nd acest gest periculos \u00een apropierea unei magistrale de gaz. Acest lucru a generat \u201eun risc major de producere a unui incident cu consecin\u021be extrem de grave\u201d, conform declara\u021biilor Jandarmeriei.<\/p>\n<p><em>\u201ePentru aceast\u0103 ac\u021biune, b\u0103rbatul a fost sanc\u021bionat contraven\u021bional cu o amend\u0103 de 30.000 de lei, \u00een conformitate cu O.U.G. nr. 92\/2021, art. 20, alin. (5), referitor la regimul de\u0219eurilor\u201d<\/em>, au precizat jandarmii bistri\u021beni.<\/p>\n<p>Este important de men\u021bionat c\u0103 aceasta nu este prima dat\u0103 c\u00e2nd un cet\u0103\u021bean este sanc\u021bionat pentru incendierea gunoaielor. \u00cen octombrie anul trecut, o femeie a fost amendat\u0103 dup\u0103 ce a dat foc unor de\u0219euri, inclusiv saltele, cauciucuri, electrocasnice \u0219i materiale textile umede, pe strada Drumul Cet\u0103\u021bii din municipiul Bistri\u021ba.<\/p>\n<p><em>\u201eJandarmeria Bistri\u021ba-N\u0103s\u0103ud subliniaz\u0103 faptul c\u0103 arderea de\u0219eurilor \u00een spa\u021bii deschise este strict interzis\u0103 \u0219i se sanc\u021bioneaz\u0103 conform legisla\u021biei \u00een vigoare. Astfel de ac\u021biuni pot afecta mediul, s\u0103n\u0103tatea public\u0103 \u0219i pot genera situa\u021bii cu consecin\u021be grave asupra siguran\u021bei comunit\u0103\u021bii\u201d<\/em>, a mai ad\u0103ugat Jandarmeria Bistri\u021ba-N\u0103s\u0103ud.<\/p>\n","protected":false},"excerpt":{"rendered":"<p>\u201e\u00cen seara de mar\u021bi, \u00een timpul unei ac\u021biuni de patrulare, jandarmii de la Deta\u0219amentul 1 Mobil Bistri\u021ba au intervenit dup\u0103 ce au observat un b\u0103rbat pe strada Ar\u021barilor din municipiul Bistri\u021ba care incendia mai multe de\u0219euri\u201d, informeaz\u0103 Jandarmeria Bistri\u021ba. B\u0103rbatul, \u00een v\u00e2rst\u0103 de 63 de ani \u0219i originar din N\u0103s\u0103ud, a aprins focul \u00een mijlocul [&hellip;]<\/p>\n","protected":false},"author":2,"featured_media":5130,"comment_status":"open","ping_status":"open","sticky":false,"template":"","format":"standard","meta":{"jnews-multi-image_gallery":[],"jnews_single_post":[],"jnews_primary_category":[],"jnews_override_counter":[],"footnotes":""},"categories":[39],"tags":[7816,7818,1293,7817,3736,1297,1696,6399],"class_list":["post-5129","post","type-post","status-publish","format-standard","has-post-thumbnail","hentry","category-stirile-zilei","tag-bistrita","tag-contraventii","tag-deseuri","tag-incendiere","tag-jandarmi","tag-mediu","tag-riscuri","tag-sanctiune"],"_links":{"self":[{"href":"https:\/\/www.newsrecorder.ro\/app\/wp-json\/wp\/v2\/posts\/5129","targetHints":{"allow":["GET"]}}],"collection":[{"href":"https:\/\/www.newsrecorder.ro\/app\/wp-json\/wp\/v2\/posts"}],"about":[{"href":"https:\/\/www.newsrecorder.ro\/app\/wp-json\/wp\/v2\/types\/post"}],"author":[{"embeddable":true,"href":"https:\/\/www.newsrecorder.ro\/app\/wp-json\/wp\/v2\/users\/2"}],"replies":[{"embeddable":true,"href":"https:\/\/www.newsrecorder.ro\/app\/wp-json\/wp\/v2\/comments?post=5129"}],"version-history":[{"count":0,"href":"https:\/\/www.newsrecorder.ro\/app\/wp-json\/wp\/v2\/posts\/5129\/revisions"}],"wp:featuredmedia":[{"embeddable":true,"href":"https:\/\/www.newsrecorder.ro\/app\/wp-json\/wp\/v2\/media\/5130"}],"wp:attachment":[{"href":"https:\/\/www.newsrecorder.ro\/app\/wp-json\/wp\/v2\/media?parent=5129"}],"wp:term":[{"taxonomy":"category","embeddable":true,"href":"https:\/\/www.newsrecorder.ro\/app\/wp-json\/wp\/v2\/categories?post=5129"},{"taxonomy":"post_tag","embeddable":true,"href":"https:\/\/www.newsrecorder.ro\/app\/wp-json\/wp\/v2\/tags?post=5129"}],"curies":[{"name":"wp","href":"https:\/\/api.w.org\/{rel}","templated":true}]}}