{"id":5135,"date":"2026-02-25T11:14:17","date_gmt":"2026-02-25T11:14:17","guid":{"rendered":"https:\/\/www.newsrecorder.ro\/app\/2026\/02\/25\/zelenski-intalnire-cruciala-la-geneva-intre-ucraina-si-sua\/"},"modified":"2026-02-25T11:14:17","modified_gmt":"2026-02-25T11:14:17","slug":"zelenski-intalnire-cruciala-la-geneva-intre-ucraina-si-sua","status":"publish","type":"post","link":"https:\/\/www.newsrecorder.ro\/app\/2026\/02\/25\/zelenski-intalnire-cruciala-la-geneva-intre-ucraina-si-sua\/","title":{"rendered":"Zelenski: \u00cent\u00e2lnire crucial\u0103 la Geneva \u00eentre Ucraina \u0219i SUA!"},"content":{"rendered":"<p>Pre\u0219edintele Ucrainei, Volodimir Zelenski, a anun\u021bat miercuri c\u0103 Rustem Umierov, liderul delega\u021biei ucrainene de negociere, va avea discu\u021bii cu echipa american\u0103 la Geneva, programate pentru joi, 26 februarie.<\/p>\n<p>Informa\u021bia a fost comunicat\u0103 de Zelenski prin intermediul unei conversa\u021bii pe WhatsApp cu jurnali\u0219tii, conform <a style=\"color: #0000ff\" href=\"https:\/\/news.sky.com\/story\/ukraine-war-latest-killing-and-slaughter-in-ukraine-will-end-trump-vows-but-us-snubs-un-resolution-12541713?postid=11137088#liveblog-body\" target=\"_blank\" rel=\"noopener\">Sky News<\/a>.<\/p>\n<p>Umierov se va \u00eent\u00e2lni cu Steve Witkoff, trimisul special al lui Donald Trump, \u0219i cu Jared Kushner, ginerele pre\u0219edintelui american, precum \u0219i cu al\u021bi oficiali din SUA.<\/p>\n<p>Conform surselor citate, Zelenski a men\u021bionat c\u0103 discu\u021biile dintre cele dou\u0103 echipe se vor axa pe un \u201epachet de prosperitate\u201d \u0219i pe aspecte legate de cooperarea economic\u0103.<\/p>\n<p>De asemenea, pre\u0219edintele ucrainean a subliniat c\u0103 aceast\u0103 \u00eent\u00e2lnire dintre SUA \u0219i Ucraina este parte integrant\u0103 a preg\u0103tirilor pentru o \u00eent\u00e2lnire trilateral\u0103 cu Rusia, care se estimeaz\u0103 c\u0103 va avea loc la \u00eenceputul lunii martie, conform informa\u021biilor furnizate de <a style=\"color: #0000ff\" href=\"https:\/\/www.france24.com\/en\/europe\/20260225-live-ukraine-us-russia-talks-zelensky?arena_mid=7XHXbb7RLoUYP39tMrL8\" target=\"_blank\" rel=\"noopener\">France24<\/a>.<\/p>\n<p>Ultimele negocieri trilaterale pe tema situa\u021biei din Ucraina au avut loc \u00een perioada 17-18 februarie, la Geneva.<\/p>\n","protected":false},"excerpt":{"rendered":"<p>Pre\u0219edintele Ucrainei, Volodimir Zelenski, a anun\u021bat miercuri c\u0103 Rustem Umierov, liderul delega\u021biei ucrainene de negociere, va avea discu\u021bii cu echipa american\u0103 la Geneva, programate pentru joi, 26 februarie. Informa\u021bia a fost comunicat\u0103 de Zelenski prin intermediul unei conversa\u021bii pe WhatsApp cu jurnali\u0219tii, conform Sky News. Umierov se va \u00eent\u00e2lni cu Steve Witkoff, trimisul special al [&hellip;]<\/p>\n","protected":false},"author":2,"featured_media":5136,"comment_status":"open","ping_status":"open","sticky":false,"template":"","format":"standard","meta":{"jnews-multi-image_gallery":[],"jnews_single_post":[],"jnews_primary_category":[],"jnews_override_counter":[],"footnotes":""},"categories":[39],"tags":[1322,5889,686,681,1735,682,7825,1030],"class_list":["post-5135","post","type-post","status-publish","format-standard","has-post-thumbnail","hentry","category-stirile-zilei","tag-cooperare-economica","tag-geneva","tag-negocieri","tag-rusia","tag-trump","tag-ucraina","tag-umierov","tag-zelenski"],"_links":{"self":[{"href":"https:\/\/www.newsrecorder.ro\/app\/wp-json\/wp\/v2\/posts\/5135","targetHints":{"allow":["GET"]}}],"collection":[{"href":"https:\/\/www.newsrecorder.ro\/app\/wp-json\/wp\/v2\/posts"}],"about":[{"href":"https:\/\/www.newsrecorder.ro\/app\/wp-json\/wp\/v2\/types\/post"}],"author":[{"embeddable":true,"href":"https:\/\/www.newsrecorder.ro\/app\/wp-json\/wp\/v2\/users\/2"}],"replies":[{"embeddable":true,"href":"https:\/\/www.newsrecorder.ro\/app\/wp-json\/wp\/v2\/comments?post=5135"}],"version-history":[{"count":0,"href":"https:\/\/www.newsrecorder.ro\/app\/wp-json\/wp\/v2\/posts\/5135\/revisions"}],"wp:featuredmedia":[{"embeddable":true,"href":"https:\/\/www.newsrecorder.ro\/app\/wp-json\/wp\/v2\/media\/5136"}],"wp:attachment":[{"href":"https:\/\/www.newsrecorder.ro\/app\/wp-json\/wp\/v2\/media?parent=5135"}],"wp:term":[{"taxonomy":"category","embeddable":true,"href":"https:\/\/www.newsrecorder.ro\/app\/wp-json\/wp\/v2\/categories?post=5135"},{"taxonomy":"post_tag","embeddable":true,"href":"https:\/\/www.newsrecorder.ro\/app\/wp-json\/wp\/v2\/tags?post=5135"}],"curies":[{"name":"wp","href":"https:\/\/api.w.org\/{rel}","templated":true}]}}