{"id":515,"date":"2026-01-23T21:45:58","date_gmt":"2026-01-23T21:45:58","guid":{"rendered":"https:\/\/www.newsrecorder.ro\/app\/2026\/01\/23\/bolojan-guvernul-ia-in-calcul-noi-scheme-de-impozitare-auto\/"},"modified":"2026-01-23T21:45:58","modified_gmt":"2026-01-23T21:45:58","slug":"bolojan-guvernul-ia-in-calcul-noi-scheme-de-impozitare-auto","status":"publish","type":"post","link":"https:\/\/www.newsrecorder.ro\/app\/2026\/01\/23\/bolojan-guvernul-ia-in-calcul-noi-scheme-de-impozitare-auto\/","title":{"rendered":"Bolojan: Guvernul ia \u00een calcul noi scheme de impozitare auto!"},"content":{"rendered":"<p>\u00cen cadrul unei recente declara\u021bii, premierul a subliniat c\u0103 impozitele pe ma\u0219ini sunt concepute pentru a respecta principiul propor\u021bionalit\u0103\u021bii \u00een raport cu poluarea. Aceasta \u00eenseamn\u0103 c\u0103, pe l\u00e2ng\u0103 impozitele pe proprietate, care erau anterior scutite pentru vehiculele electrice, s-au implementat discounturi pentru ma\u0219inile cu emisii reduse \u0219i penaliz\u0103ri pentru cele mai vechi sau poluante.<\/p>\n<p>\u201eImpozitele pe ma\u0219ini respect\u0103 acest principiu, iar schema a fost acceptat\u0103 de c\u0103tre Comisia European\u0103\u201d, a explicat premierul, ad\u0103ug\u00e2nd c\u0103 acest sistem de impozitare se aplic\u0103 \u0219i vehiculelor hibride. De asemenea, el a precizat c\u0103 anul 2026 va fi un an de tranzi\u021bie \u00een care guvernul va evalua diferite scheme de impozitare.<\/p>\n<p><em>\u201eAcesta este un an de tranzi\u021bie \u0219i, pe parcursul lui, vom analiza modul \u00een care se aplic\u0103 aceste impozite. Dac\u0103 se constat\u0103 c\u0103 anumite aspecte nu func\u021bioneaz\u0103 corect sau echitabil, vom lua m\u0103suri pentru a corecta situa\u021bia\u201d,<\/em> a declarat Ilie Bolojan.<\/p>\n<p>Premierul a subliniat c\u0103 este inacceptabil ca un \u0219ofer cu o ma\u0219in\u0103 electric\u0103 de lux s\u0103 pl\u0103teasc\u0103 acela\u0219i impozit ca un alt conduc\u0103tor auto cu un vehicul diesel de capacitate mic\u0103.<\/p>\n<p>\u201eTrebuie s\u0103 echilibr\u0103m impozitele pentru vehiculele electrice \u0219i hibride\u201d, a ad\u0103ugat el, subliniind c\u0103 excep\u021biile acordate \u00een trecut au afectat grav baza de impozitare. \u201eImpunerea scutirilor este o decizie simpl\u0103, \u00eens\u0103 cineva trebuie s\u0103 suporte costurile acestor scutiri.\u201d<\/p>\n<p>\u00cen acest context, premierul a men\u021bionat c\u0103 at\u00e2t ma\u0219inile electrice, c\u00e2t \u0219i cele hibride necesit\u0103 infrastructur\u0103, iar costurile pentru aceasta trebuie acoperite. \u201e\u0218oferii acestor vehicule trebuie s\u0103 contribuie la veniturile autorit\u0103\u021bilor locale care se ocup\u0103 de \u00eentre\u021binerea drumurilor\u201d, a afirmat Bolojan. El a concluzionat c\u0103 este esen\u021bial s\u0103 reducem excep\u021biile pentru a putea realiza mai multe proiecte \u00een Rom\u00e2nia.<\/p>\n","protected":false},"excerpt":{"rendered":"<p>\u00cen cadrul unei recente declara\u021bii, premierul a subliniat c\u0103 impozitele pe ma\u0219ini sunt concepute pentru a respecta principiul propor\u021bionalit\u0103\u021bii \u00een raport cu poluarea. Aceasta \u00eenseamn\u0103 c\u0103, pe l\u00e2ng\u0103 impozitele pe proprietate, care erau anterior scutite pentru vehiculele electrice, s-au implementat discounturi pentru ma\u0219inile cu emisii reduse \u0219i penaliz\u0103ri pentru cele mai vechi sau poluante. \u201eImpozitele [&hellip;]<\/p>\n","protected":false},"author":4,"featured_media":516,"comment_status":"open","ping_status":"open","sticky":false,"template":"","format":"standard","meta":{"jnews-multi-image_gallery":[],"jnews_single_post":[],"jnews_primary_category":[],"jnews_override_counter":[],"footnotes":""},"categories":[40],"tags":[499,791,787,788,789,793,792,790],"class_list":["post-515","post","type-post","status-publish","format-standard","has-post-thumbnail","hentry","category-econonie","tag-comisia-europeana","tag-emisii-reduse","tag-impozite","tag-masini","tag-poluare","tag-schema-de-impozitare","tag-tranzitie","tag-vehicule-electrice"],"_links":{"self":[{"href":"https:\/\/www.newsrecorder.ro\/app\/wp-json\/wp\/v2\/posts\/515","targetHints":{"allow":["GET"]}}],"collection":[{"href":"https:\/\/www.newsrecorder.ro\/app\/wp-json\/wp\/v2\/posts"}],"about":[{"href":"https:\/\/www.newsrecorder.ro\/app\/wp-json\/wp\/v2\/types\/post"}],"author":[{"embeddable":true,"href":"https:\/\/www.newsrecorder.ro\/app\/wp-json\/wp\/v2\/users\/4"}],"replies":[{"embeddable":true,"href":"https:\/\/www.newsrecorder.ro\/app\/wp-json\/wp\/v2\/comments?post=515"}],"version-history":[{"count":0,"href":"https:\/\/www.newsrecorder.ro\/app\/wp-json\/wp\/v2\/posts\/515\/revisions"}],"wp:featuredmedia":[{"embeddable":true,"href":"https:\/\/www.newsrecorder.ro\/app\/wp-json\/wp\/v2\/media\/516"}],"wp:attachment":[{"href":"https:\/\/www.newsrecorder.ro\/app\/wp-json\/wp\/v2\/media?parent=515"}],"wp:term":[{"taxonomy":"category","embeddable":true,"href":"https:\/\/www.newsrecorder.ro\/app\/wp-json\/wp\/v2\/categories?post=515"},{"taxonomy":"post_tag","embeddable":true,"href":"https:\/\/www.newsrecorder.ro\/app\/wp-json\/wp\/v2\/tags?post=515"}],"curies":[{"name":"wp","href":"https:\/\/api.w.org\/{rel}","templated":true}]}}