{"id":5153,"date":"2026-02-25T15:10:50","date_gmt":"2026-02-25T15:10:50","guid":{"rendered":"https:\/\/www.newsrecorder.ro\/app\/2026\/02\/25\/primavara-intra-pe-furis-in-iarna-romanii-se-bucura-de-vreme-calda\/"},"modified":"2026-02-25T15:10:50","modified_gmt":"2026-02-25T15:10:50","slug":"primavara-intra-pe-furis-in-iarna-romanii-se-bucura-de-vreme-calda","status":"publish","type":"post","link":"https:\/\/www.newsrecorder.ro\/app\/2026\/02\/25\/primavara-intra-pe-furis-in-iarna-romanii-se-bucura-de-vreme-calda\/","title":{"rendered":"Prim\u0103vara intr\u0103 pe furi\u0219 \u00een iarn\u0103: Rom\u00e2nii se bucur\u0103 de vreme cald\u0103!"},"content":{"rendered":"<p>O mas\u0103 de aer neobi\u0219nuit de cald\u0103 se \u00eendreapt\u0103 spre Europa, aduc\u00e2nd cu sine <a href=\"https:\/\/www.mediafax.ro\/meteo\/a-nins-abundent-in-zona-montana-din-suceava-cod-galben-de-vant-in-moldova-miercuri-23692487\">temperaturi<\/a> \u0219i condi\u021bii specifice prim\u0103verii chiar \u00een mijlocul iernii, conform informa\u021biilor furnizate de milletnews.com.<\/p>\n<p>Meteorologii explic\u0103 acest fenomen de \u00eenc\u0103lzire prin apari\u021bia unei \u201ecupe de c\u0103ldur\u0103\u201d \u00een atmosfera superioar\u0103, care va determina temperaturi cu mult peste normele sezoniere pentru aceast\u0103 perioad\u0103.<\/p>\n<p>\u00cencep\u00e2nd cu mijlocul s\u0103pt\u0103m\u00e2nii, se estimeaz\u0103 c\u0103 temperaturile dintr-o vast\u0103 zon\u0103 a Balcanilor, inclusiv Rom\u00e2nia, ar putea dep\u0103\u0219i cu 12 p\u00e2n\u0103 la 15 grade Celsius mediile obi\u0219nuite pentru acest sezon.<\/p>\n<p>Aerul cald va avansa treptat spre Grecia, unde regiunile vestice, sudice \u0219i continentale vor resim\u021bi cel mai intens aceast\u0103 influen\u021b\u0103.<\/p>\n<p>Acest model meteorologic va afecta \u00eentreaga regiune balcanic\u0103, inclusiv \u021b\u0103ri precum Serbia, Macedonia de Nord, Bulgaria, Albania \u0219i, bine\u00een\u021beles, Rom\u00e2nia.<\/p>\n<p>\u00cen multe zone, se a\u0219teapt\u0103 ca temperaturile s\u0103 ating\u0103 valori \u00eentre 18 \u0219i 22\u00b0C, cu maxime chiar mai ridicate \u00een sudul Balcanilor.<\/p>\n<p>Se anticip\u0103 c\u0103 aceast\u0103 perioad\u0103 cu aspect de prim\u0103var\u0103 va dura p\u00e2n\u0103 dup\u0103 1 martie.<\/p>\n<p>\u00cen Grecia, temperaturile maxime vor continua s\u0103 creasc\u0103 constant p\u00e2n\u0103 la finalul s\u0103pt\u0103m\u00e2nii.<\/p>\n<p>Cerul va fi predominant senin, cu nori pu\u021bini \u0219i \u0219anse reduse de precipita\u021bii, \u00een timp ce v\u00e2nturile slabe p\u00e2n\u0103 la moderate vor contribui la men\u021binerea unor condi\u021bii bl\u00e2nde \u0219i pl\u0103cute.<\/p>\n<p>Speciali\u0219tii consider\u0103 c\u0103 acest episod cu caracter de prim\u0103var\u0103 se va men\u021bine p\u00e2n\u0103 la sf\u00e2r\u0219itul s\u0103pt\u0103m\u00e2nii \u0219i \u00een primele zile ale lunii martie.<\/p>\n<p>Ulterior, se preconizeaz\u0103 c\u0103 domul de c\u0103ldur\u0103 va sl\u0103bi, permi\u021b\u00e2nd revenirea unor condi\u021bii meteorologice mai instabile, cu temperaturi mai sc\u0103zute \u0219i posibilitatea de precipita\u021bii.<\/p>\n","protected":false},"excerpt":{"rendered":"<p>O mas\u0103 de aer neobi\u0219nuit de cald\u0103 se \u00eendreapt\u0103 spre Europa, aduc\u00e2nd cu sine temperaturi \u0219i condi\u021bii specifice prim\u0103verii chiar \u00een mijlocul iernii, conform informa\u021biilor furnizate de milletnews.com. Meteorologii explic\u0103 acest fenomen de \u00eenc\u0103lzire prin apari\u021bia unei \u201ecupe de c\u0103ldur\u0103\u201d \u00een atmosfera superioar\u0103, care va determina temperaturi cu mult peste normele sezoniere pentru aceast\u0103 perioad\u0103. [&hellip;]<\/p>\n","protected":false},"author":5,"featured_media":5154,"comment_status":"open","ping_status":"open","sticky":false,"template":"","format":"standard","meta":{"jnews-multi-image_gallery":[],"jnews_single_post":[],"jnews_primary_category":[],"jnews_override_counter":[],"footnotes":""},"categories":[45],"tags":[7857,7859,7860,564,7858,3233,149,737],"class_list":["post-5153","post","type-post","status-publish","format-standard","has-post-thumbnail","hentry","category-meteo","tag-aer-cald","tag-balcani","tag-cupe-de-caldura","tag-iarna","tag-incalzire-atmosferica","tag-primavara","tag-romania","tag-temperaturi-ridicate"],"_links":{"self":[{"href":"https:\/\/www.newsrecorder.ro\/app\/wp-json\/wp\/v2\/posts\/5153","targetHints":{"allow":["GET"]}}],"collection":[{"href":"https:\/\/www.newsrecorder.ro\/app\/wp-json\/wp\/v2\/posts"}],"about":[{"href":"https:\/\/www.newsrecorder.ro\/app\/wp-json\/wp\/v2\/types\/post"}],"author":[{"embeddable":true,"href":"https:\/\/www.newsrecorder.ro\/app\/wp-json\/wp\/v2\/users\/5"}],"replies":[{"embeddable":true,"href":"https:\/\/www.newsrecorder.ro\/app\/wp-json\/wp\/v2\/comments?post=5153"}],"version-history":[{"count":0,"href":"https:\/\/www.newsrecorder.ro\/app\/wp-json\/wp\/v2\/posts\/5153\/revisions"}],"wp:featuredmedia":[{"embeddable":true,"href":"https:\/\/www.newsrecorder.ro\/app\/wp-json\/wp\/v2\/media\/5154"}],"wp:attachment":[{"href":"https:\/\/www.newsrecorder.ro\/app\/wp-json\/wp\/v2\/media?parent=5153"}],"wp:term":[{"taxonomy":"category","embeddable":true,"href":"https:\/\/www.newsrecorder.ro\/app\/wp-json\/wp\/v2\/categories?post=5153"},{"taxonomy":"post_tag","embeddable":true,"href":"https:\/\/www.newsrecorder.ro\/app\/wp-json\/wp\/v2\/tags?post=5153"}],"curies":[{"name":"wp","href":"https:\/\/api.w.org\/{rel}","templated":true}]}}