{"id":5157,"date":"2026-02-25T19:09:08","date_gmt":"2026-02-25T19:09:08","guid":{"rendered":"https:\/\/www.newsrecorder.ro\/app\/2026\/02\/25\/primavara-aduce-caldura-prognoza-meteo-pe-urmatoarele-patru-saptamani\/"},"modified":"2026-02-25T19:09:08","modified_gmt":"2026-02-25T19:09:08","slug":"primavara-aduce-caldura-prognoza-meteo-pe-urmatoarele-patru-saptamani","status":"publish","type":"post","link":"https:\/\/www.newsrecorder.ro\/app\/2026\/02\/25\/primavara-aduce-caldura-prognoza-meteo-pe-urmatoarele-patru-saptamani\/","title":{"rendered":"Prim\u0103vara aduce c\u0103ldur\u0103: prognoza meteo pe urm\u0103toarele patru s\u0103pt\u0103m\u00e2ni"},"content":{"rendered":"<p>\u00cen ultima s\u0103pt\u0103m\u00e2n\u0103 de iarn\u0103 \u0219i \u00een primele zile ale lunii martie, \u00eentre <strong>23 februarie \u0219i 2 martie<\/strong>, Administra\u021bia Na\u021bional\u0103 de Meteorologie (ANM) anun\u021b\u0103 o sc\u0103dere a valorilor termice \u00een regiunile sud-estice, \u00een timp ce regiunile vestice se vor bucura de temperaturi u\u0219or mai ridicate. \u00cen celelalte zone ale \u021b\u0103rii, temperaturile vor r\u0103m\u00e2ne \u00een general apropiate de valorile normale pentru aceast\u0103 perioad\u0103.<\/p>\n<p>\u00cen ceea ce prive\u0219te regimul pluviometric, se estimeaz\u0103 c\u0103 va fi local excedentar \u00een regiunile nordice, \u00een timp ce regiunile sudice se vor confrunta cu o deficit de precipita\u021bii. \u00cen restul \u021b\u0103rii, regimul pluvial va fi \u00een general normal pentru acest interval.<\/p>\n<p>\u00cen s\u0103pt\u0103m\u00e2na <strong>2 \u2013 9 martie<\/strong>, meteorologii prognozeaz\u0103 temperaturi medii mai ridicate dec\u00e2t cele obi\u0219nuite pentru aceast\u0103 perioad\u0103, cu o abatere termic\u0103 pozitiv\u0103 mai accentuat\u0103 \u00een regiunile vestice \u0219i nord-vestice. Totodat\u0103, se preconizeaz\u0103 c\u0103 precipita\u021biile vor fi deficitare la nivel na\u021bional.<\/p>\n<p>Pe parcursul s\u0103pt\u0103m\u00e2nii <strong>9 \u2013 16 martie<\/strong>, se a\u0219teapt\u0103 ca temperatura medie a aerului s\u0103 fie apropiat\u0103 de valorile normale pentru aceast\u0103 perioad\u0103 \u00een majoritatea regiunilor. Regimul pluviometric va r\u0103m\u00e2ne deficitar \u00een regiunile vestice, \u00een timp ce \u00een celelalte zone va fi apropiat de normal.<\/p>\n<p>\u00cen s\u0103pt\u0103m\u00e2na <strong>16 \u2013 23 martie<\/strong>, se estimeaz\u0103 c\u0103 mediile valorilor termice vor fi u\u0219or superioare celor specifice pentru aceast\u0103 s\u0103pt\u0103m\u00e2n\u0103, \u00een special \u00een regiunile intracarpatice. Cantit\u0103\u021bile de precipita\u021bii vor fi, de asemenea, apropiate de cele normale pentru acest interval \u00een toate regiunile.<\/p>\n<p>&nbsp;<\/p>\n","protected":false},"excerpt":{"rendered":"<p>\u00cen ultima s\u0103pt\u0103m\u00e2n\u0103 de iarn\u0103 \u0219i \u00een primele zile ale lunii martie, \u00eentre 23 februarie \u0219i 2 martie, Administra\u021bia Na\u021bional\u0103 de Meteorologie (ANM) anun\u021b\u0103 o sc\u0103dere a valorilor termice \u00een regiunile sud-estice, \u00een timp ce regiunile vestice se vor bucura de temperaturi u\u0219or mai ridicate. \u00cen celelalte zone ale \u021b\u0103rii, temperaturile vor r\u0103m\u00e2ne \u00een general [&hellip;]<\/p>\n","protected":false},"author":5,"featured_media":5158,"comment_status":"open","ping_status":"open","sticky":false,"template":"","format":"standard","meta":{"jnews-multi-image_gallery":[],"jnews_single_post":[],"jnews_primary_category":[],"jnews_override_counter":[],"footnotes":""},"categories":[45],"tags":[1816,7863,564,135,141,7862,1600,126],"class_list":["post-5157","post","type-post","status-publish","format-standard","has-post-thumbnail","hentry","category-meteo","tag-administratia-nationala-de-meteorologie","tag-deficit-de-precipitatii","tag-iarna","tag-precipitatii","tag-prognoza-meteo","tag-regiunile-sud-estice","tag-regiunile-vestice","tag-temperaturi"],"_links":{"self":[{"href":"https:\/\/www.newsrecorder.ro\/app\/wp-json\/wp\/v2\/posts\/5157","targetHints":{"allow":["GET"]}}],"collection":[{"href":"https:\/\/www.newsrecorder.ro\/app\/wp-json\/wp\/v2\/posts"}],"about":[{"href":"https:\/\/www.newsrecorder.ro\/app\/wp-json\/wp\/v2\/types\/post"}],"author":[{"embeddable":true,"href":"https:\/\/www.newsrecorder.ro\/app\/wp-json\/wp\/v2\/users\/5"}],"replies":[{"embeddable":true,"href":"https:\/\/www.newsrecorder.ro\/app\/wp-json\/wp\/v2\/comments?post=5157"}],"version-history":[{"count":0,"href":"https:\/\/www.newsrecorder.ro\/app\/wp-json\/wp\/v2\/posts\/5157\/revisions"}],"wp:featuredmedia":[{"embeddable":true,"href":"https:\/\/www.newsrecorder.ro\/app\/wp-json\/wp\/v2\/media\/5158"}],"wp:attachment":[{"href":"https:\/\/www.newsrecorder.ro\/app\/wp-json\/wp\/v2\/media?parent=5157"}],"wp:term":[{"taxonomy":"category","embeddable":true,"href":"https:\/\/www.newsrecorder.ro\/app\/wp-json\/wp\/v2\/categories?post=5157"},{"taxonomy":"post_tag","embeddable":true,"href":"https:\/\/www.newsrecorder.ro\/app\/wp-json\/wp\/v2\/tags?post=5157"}],"curies":[{"name":"wp","href":"https:\/\/api.w.org\/{rel}","templated":true}]}}