{"id":519,"date":"2026-01-23T21:46:48","date_gmt":"2026-01-23T21:46:48","guid":{"rendered":"https:\/\/www.newsrecorder.ro\/app\/2026\/01\/23\/giorgia-meloni-trump-salvatorul-pacii-in-ucraina-pentru-nobel\/"},"modified":"2026-01-23T21:46:48","modified_gmt":"2026-01-23T21:46:48","slug":"giorgia-meloni-trump-salvatorul-pacii-in-ucraina-pentru-nobel","status":"publish","type":"post","link":"https:\/\/www.newsrecorder.ro\/app\/2026\/01\/23\/giorgia-meloni-trump-salvatorul-pacii-in-ucraina-pentru-nobel\/","title":{"rendered":"Giorgia Meloni: Trump, salvatorul p\u0103cii \u00een Ucraina pentru Nobel?"},"content":{"rendered":"<p>\u00cen cadrul unei conferin\u021be de pres\u0103 sus\u021binute vineri, premierul Italiei, Giorgia Meloni, a exprimat speran\u021ba c\u0103 pre\u0219edintele american Donald Trump va reu\u0219i s\u0103 \u00eencheie conflictul din Ucraina. Meloni a declarat c\u0103, dac\u0103 acest lucru se va \u00eent\u00e2mpla, ar dori s\u0103-l propun\u0103 pe Trump pentru Premiul Nobel pentru Pace.<\/p>\n<p>\u201eAm convingerea c\u0103 Donald Trump poate aduce o schimbare semnificativ\u0103 \u00een realizarea unei p\u0103ci juste \u0219i durabile pentru Ucraina. Astfel, sper c\u0103 vom putea \u00een sf\u00e2r\u0219it s\u0103-l nominaliz\u0103m pentru Premiul Nobel pentru Pace\u201d, a afirmat Meloni, conform <a style=\"color: #0000ff\" href=\"https:\/\/www.ilmessaggero.it\/video\/invista\/meloni_trump_nobel_pace_cosa_ha_detto-9315756.html\" target=\"_blank\" rel=\"noopener\">Il Messaggero<\/a>.<\/p>\n<p>Cancelarul Germaniei, Friedrich Merz, a sus\u021binut punctul de vedere al premierului italian, afirm\u00e2nd: \u201eNu a\u0219 fi putut s\u0103 o spun mai bine dec\u00e2t prim-ministrul\u201d.<\/p>\n<p>Pe l\u00e2ng\u0103 aceste declara\u021bii, Meloni a abordat \u0219i subiectul Consiliului pentru Pace, men\u021bion\u00e2nd c\u0103 i-a transmis lui Trump c\u0103 exist\u0103 \u201eprobleme constitu\u021bionale obiective\u201d legate de structura ini\u021biativei. \u00cen acest context, liderul italian a solicitat lui Trump s\u0103 fie dispus s\u0103 revizuiasc\u0103 aceast\u0103 configura\u021bie pentru a r\u0103spunde nevoilor nu doar ale Italiei, ci \u0219i ale altor state europene, conform agen\u021biei <a style=\"color: #0000ff\" href=\"https:\/\/www.ansa.it\/sito\/notizie\/politica\/2026\/01\/23\/meloni-confido-in-trump-spero-potremo-dargli-il-nobel-per-la-pace_06729431-76b3-4718-9b8e-83dadbe74ea6.html\" target=\"_blank\" rel=\"noopener\">ANSA<\/a>.<\/p>\n<p>Italia face parte dintre \u021b\u0103rile invitate de Donald Trump s\u0103 se al\u0103ture Consiliului pentru Pace, o ini\u021biativ\u0103 destinat\u0103 monitoriz\u0103rii armisti\u021biului din Gaza, care a evoluat ulterior \u00eentr-un mecanism menit s\u0103 abordeze o varietate de conflicte interna\u021bionale.<\/p>\n","protected":false},"excerpt":{"rendered":"<p>\u00cen cadrul unei conferin\u021be de pres\u0103 sus\u021binute vineri, premierul Italiei, Giorgia Meloni, a exprimat speran\u021ba c\u0103 pre\u0219edintele american Donald Trump va reu\u0219i s\u0103 \u00eencheie conflictul din Ucraina. Meloni a declarat c\u0103, dac\u0103 acest lucru se va \u00eent\u00e2mpla, ar dori s\u0103-l propun\u0103 pe Trump pentru Premiul Nobel pentru Pace. \u201eAm convingerea c\u0103 Donald Trump poate aduce [&hellip;]<\/p>\n","protected":false},"author":2,"featured_media":520,"comment_status":"open","ping_status":"open","sticky":false,"template":"","format":"standard","meta":{"jnews-multi-image_gallery":[],"jnews_single_post":[],"jnews_primary_category":[],"jnews_override_counter":[],"footnotes":""},"categories":[39],"tags":[802,315,31,801,806,803,805,804],"class_list":["post-519","post","type-post","status-publish","format-standard","has-post-thumbnail","hentry","category-stirile-zilei","tag-conflict-ucraina","tag-consiliul-pentru-pace","tag-jnews_demo_donald-trump","tag-giorgia-meloni","tag-initiative-diplomatice","tag-premiul-nobel-pentru-pace","tag-probleme-constitutionale","tag-schimbare-semnificativa"],"_links":{"self":[{"href":"https:\/\/www.newsrecorder.ro\/app\/wp-json\/wp\/v2\/posts\/519","targetHints":{"allow":["GET"]}}],"collection":[{"href":"https:\/\/www.newsrecorder.ro\/app\/wp-json\/wp\/v2\/posts"}],"about":[{"href":"https:\/\/www.newsrecorder.ro\/app\/wp-json\/wp\/v2\/types\/post"}],"author":[{"embeddable":true,"href":"https:\/\/www.newsrecorder.ro\/app\/wp-json\/wp\/v2\/users\/2"}],"replies":[{"embeddable":true,"href":"https:\/\/www.newsrecorder.ro\/app\/wp-json\/wp\/v2\/comments?post=519"}],"version-history":[{"count":0,"href":"https:\/\/www.newsrecorder.ro\/app\/wp-json\/wp\/v2\/posts\/519\/revisions"}],"wp:featuredmedia":[{"embeddable":true,"href":"https:\/\/www.newsrecorder.ro\/app\/wp-json\/wp\/v2\/media\/520"}],"wp:attachment":[{"href":"https:\/\/www.newsrecorder.ro\/app\/wp-json\/wp\/v2\/media?parent=519"}],"wp:term":[{"taxonomy":"category","embeddable":true,"href":"https:\/\/www.newsrecorder.ro\/app\/wp-json\/wp\/v2\/categories?post=519"},{"taxonomy":"post_tag","embeddable":true,"href":"https:\/\/www.newsrecorder.ro\/app\/wp-json\/wp\/v2\/tags?post=519"}],"curies":[{"name":"wp","href":"https:\/\/api.w.org\/{rel}","templated":true}]}}