{"id":5197,"date":"2026-02-25T20:14:07","date_gmt":"2026-02-25T20:14:07","guid":{"rendered":"https:\/\/www.newsrecorder.ro\/app\/2026\/02\/25\/premiera-captivanta-a-thrillerului-acel-martie-la-castelul-peniscola\/"},"modified":"2026-02-25T20:14:07","modified_gmt":"2026-02-25T20:14:07","slug":"premiera-captivanta-a-thrillerului-acel-martie-la-castelul-peniscola","status":"publish","type":"post","link":"https:\/\/www.newsrecorder.ro\/app\/2026\/02\/25\/premiera-captivanta-a-thrillerului-acel-martie-la-castelul-peniscola\/","title":{"rendered":"Premiera captivant\u0103 a thrillerului \u201eAcel Martie\u201d la Castelul Peniscola!"},"content":{"rendered":"<p lang=\"en-RO\" align=\"justify\">Pe covorul ro\u0219u al unei premiere de excep\u021bie, vedete interna\u021bionale au str\u0103lucit al\u0103turi de influenceri rom\u00e2ni \u0219i spanioli. Printre cei prezen\u021bi s-au num\u0103rat Esther Acebo, cunoscut\u0103 din seria <em>La Casa de Papel<\/em>, Luke Roberts din <em>Game of Thrones<\/em>, M\u0103d\u0103lina Bellariu-Ion, din <em>The Young Pope<\/em>, \u0219i Didi Anderson, al\u0103turi de Eduard Tric\u0103 \u0219i Bob R\u0103dulescu.<\/p>\n<p align=\"justify\"><em>\u201eA fost o experien\u021b\u0103 minunat\u0103 s\u0103 lucrez cu Iura \u0219i cu aceast\u0103 echip\u0103. To\u021bi au fost extraordinari, foarte profesioni\u0219ti, iar atmosfera cald\u0103 a f\u0103cut totul s\u0103 fie familiar \u0219i u\u0219or. De\u0219i nu cuno\u0219team foarte multe despre cinematografia rom\u00e2neasc\u0103, acum pot spune c\u0103 a\u0219 reveni oric\u00e2nd pentru a filma o produc\u021bie rom\u00e2neasc\u0103. Am \u00eenv\u0103\u021bat c\u00e2teva cuvinte \u00een rom\u00e2n\u0103, iar preferatul meu este \u00abpupici\u00bb\u201d,<\/em> a declarat Esther Acebo.<\/p>\n<p align=\"justify\">M\u0103d\u0103lina Bellariu-Ion se bucur\u0103 de primul s\u0103u rol principal \u00eentr-un film rom\u00e2nesc \u0219i a subliniat c\u0103 o mare \u00eemplinire este faptul c\u0103 pelicula transmite un mesaj interna\u021bional despre Rom\u00e2nia. \u201ePremiera a fost ca \u00een pove\u0219ti. Publicul spaniol a reac\u021bionat cu entuziasm, iar rom\u00e2nii din sal\u0103 au ie\u0219it m\u00e2ndri. M-am bucurat enorm s\u0103 v\u0103d c\u0103 povestea noastr\u0103 rezoneaz\u0103 dincolo de grani\u021be\u201d, a spus M\u0103d\u0103lina.<\/p>\n<p align=\"justify\">Eduard Tric\u0103, protagonistul filmului, a invitat publicul s\u0103 descopere aceast\u0103 produc\u021bie, descriind-o ca o poveste cu mesaj, curajoas\u0103. \u201eApreciez foarte mult produc\u0103torii pentru direc\u021bia \u00een care au mers, merit\u0103 aplauze pentru aceast\u0103 inten\u021bie\u201d, a ad\u0103ugat el.<\/p>\n<p align=\"justify\">Bob R\u0103dulescu a subliniat calitatea filmului, afirm\u00e2nd: \u201eEste un film rom\u00e2nesc ce arat\u0103 a Hollywood. Calitatea imaginii, sunetul, cadrele \u2013 totul este la un nivel interna\u021bional.\u201d<\/p>\n<p align=\"justify\">Premiera din Spania d\u0103 startul caravanei na\u021bionale care va \u00eencepe pe 1 martie, av\u00e2nd programate proiec\u021bii \u00een ora\u0219e precum Cluj (1 martie), Bra\u0219ov (2 martie), Sinaia (3 martie), Pite\u0219ti (4 martie), Bucure\u0219ti (5 martie), Craiova (6 martie), Timi\u0219oara (7 martie) \u0219i Oradea (8 martie).<\/p>\n<p align=\"justify\">\u201eChiar dac\u0103 munca echipei de produc\u021bie s-a \u00eencheiat, pentru noi acum \u00eencep emo\u021biile. \u0218tiu c\u0103 am realizat un film deosebit, cu poten\u021bial interna\u021bional. \u00cei invit pe to\u021bi s\u0103 tr\u0103iasc\u0103 <em>Acel Martie<\/em> \u00een s\u0103lile de cinema din \u00eentreaga \u021bar\u0103\u201d, a declarat regizorul Iura Lunca\u0219u.<\/p>\n<p align=\"justify\">Filmul <em>Acel Martie<\/em> este un thriller rom\u00e2no-spaniol intens, filmat la Cluj-Napoca \u0219i \u00een Spania, pe domeniul castelului Pe\u00f1\u00edscola. Pelicula urm\u0103re\u0219te povestea lui Anabel Albu, interpretat\u0103 de M\u0103d\u0103lina Bellariu Ion, o agent\u0103 a serviciilor de informa\u021bii rom\u00e2ne\u0219ti, care trebuie s\u0103-l supravegheze pe Vlad Bratu (Eduard Tric\u0103), un cercet\u0103tor implicat \u00eentr-un proiect \u0219tiin\u021bific de importan\u021b\u0103 strategic\u0103.<\/p>\n<p align=\"justify\">\u00cen timp ce Vlad \u00eencearc\u0103 s\u0103 \u00eempiedice ca descoperirea sa s\u0103 ajung\u0103 \u00een m\u00e2inile unui stat care dore\u0219te s\u0103 o foloseasc\u0103 pentru control \u0219i manipulare, Anabel se afl\u0103 prins\u0103 \u00eentre loialitatea fa\u021b\u0103 de misiune \u0219i adev\u0103rul pe care \u00eencepe s\u0103-l descopere.<\/p>\n<p align=\"justify\">Distribu\u021bia filmului este impresionant\u0103, reunind actori de renume din produc\u021bii interna\u021bionale, precum Esther Acebo (Casa de Papel), Costas Mandylor (Saw), Luke Roberts (Game of Thrones), Didi Anderson, dar \u0219i actori rom\u00e2ni precum M\u0103d\u0103lina Bellariu-Ion, Eduard Tric\u0103, Diana Sar, Bob R\u0103dulescu, Vlad Marin \u0219i C\u0103t\u0103lin Herlo.<\/p>\n<p align=\"justify\">O apari\u021bie special\u0103 \u00een filmul <em>Acel Martie<\/em> este fostul fotbalist Gic\u0103 Craioveanu, care colaboreaz\u0103 din nou cu regizorul Iura Lunca\u0219u. Pelicula este bazat\u0103 pe romanul cu acela\u0219i nume scris de Olivia Od\u0103ianu.<\/p>\n<p align=\"justify\">\u201eCa autor, este un sentiment minunat s\u0103 vezi emo\u021bia spectatorilor \u00eentr-un loc at\u00e2t de simbolic. A fost o sear\u0103 cu adev\u0103rat special\u0103. <em>Acel Martie<\/em> a prins via\u021b\u0103 \u00eentr-un decor spectaculos, iar \u00eent\u00e2lnirea cu publicul, de la castelul din Pe\u00f1\u00edscola, a transformat totul \u00eentr-o experien\u021b\u0103 de neuitat\u201d, a declarat Olivia Od\u0103ianu.<\/p>\n<p align=\"justify\">Produc\u021bia filmului <em>Acel Martie<\/em> a fost posibil\u0103 datorit\u0103 sprijinului partenerilor \u0219i sponsorilor, cum ar fi Devnest, Ostenweg, NIM Global Logistic, Home Garden, Hubertus, Hotel Castillo de Pe\u00f1\u00edscola, LYG Alphabet, Digi 24 \u0219i Phoenix Media, al\u0103turi de partenerii institu\u021bionali Prim\u0103ria Cluj-Napoca \u0219i Prim\u0103ria Pe\u00f1\u00edscola.<\/p>\n<p align=\"justify\">Filmul este o realizare KSM Production, dezvoltat\u0103 de Nicu Claudiu Moldovan, Iura Lunca\u0219u, M\u0103d\u0103lina Bellariu Ion, Sorin Lungu \u0219i Bogdan M\u0103rginean. Fondat\u0103 \u00een 2024 la Cluj-Napoca, KSM Production aspir\u0103 s\u0103 dezvolte produc\u021bii cinematografice cu deschidere interna\u021bional\u0103, iar <em>Acel Martie<\/em> reprezint\u0103 un pas semnificativ \u00een aceast\u0103 direc\u021bie.<\/p>\n","protected":false},"excerpt":{"rendered":"<p>Pe covorul ro\u0219u al unei premiere de excep\u021bie, vedete interna\u021bionale au str\u0103lucit al\u0103turi de influenceri rom\u00e2ni \u0219i spanioli. Printre cei prezen\u021bi s-au num\u0103rat Esther Acebo, cunoscut\u0103 din seria La Casa de Papel, Luke Roberts din Game of Thrones, M\u0103d\u0103lina Bellariu-Ion, din The Young Pope, \u0219i Didi Anderson, al\u0103turi de Eduard Tric\u0103 \u0219i Bob R\u0103dulescu. \u201eA [&hellip;]<\/p>\n","protected":false},"author":7,"featured_media":5198,"comment_status":"open","ping_status":"open","sticky":false,"template":"","format":"standard","meta":{"jnews-multi-image_gallery":[],"jnews_single_post":[],"jnews_primary_category":[],"jnews_override_counter":[],"footnotes":""},"categories":[43],"tags":[7564,7561,1191,7875,7873,7874,2120,7872],"class_list":["post-5197","post","type-post","status-publish","format-standard","has-post-thumbnail","hentry","category-cultura","tag-cinematografie-romaneasca","tag-covor-rosu","tag-esther-acebo","tag-film-romanesc","tag-influenceri-romani","tag-madalina-bellariu-ion","tag-premiere","tag-vedete-internationale"],"_links":{"self":[{"href":"https:\/\/www.newsrecorder.ro\/app\/wp-json\/wp\/v2\/posts\/5197","targetHints":{"allow":["GET"]}}],"collection":[{"href":"https:\/\/www.newsrecorder.ro\/app\/wp-json\/wp\/v2\/posts"}],"about":[{"href":"https:\/\/www.newsrecorder.ro\/app\/wp-json\/wp\/v2\/types\/post"}],"author":[{"embeddable":true,"href":"https:\/\/www.newsrecorder.ro\/app\/wp-json\/wp\/v2\/users\/7"}],"replies":[{"embeddable":true,"href":"https:\/\/www.newsrecorder.ro\/app\/wp-json\/wp\/v2\/comments?post=5197"}],"version-history":[{"count":0,"href":"https:\/\/www.newsrecorder.ro\/app\/wp-json\/wp\/v2\/posts\/5197\/revisions"}],"wp:featuredmedia":[{"embeddable":true,"href":"https:\/\/www.newsrecorder.ro\/app\/wp-json\/wp\/v2\/media\/5198"}],"wp:attachment":[{"href":"https:\/\/www.newsrecorder.ro\/app\/wp-json\/wp\/v2\/media?parent=5197"}],"wp:term":[{"taxonomy":"category","embeddable":true,"href":"https:\/\/www.newsrecorder.ro\/app\/wp-json\/wp\/v2\/categories?post=5197"},{"taxonomy":"post_tag","embeddable":true,"href":"https:\/\/www.newsrecorder.ro\/app\/wp-json\/wp\/v2\/tags?post=5197"}],"curies":[{"name":"wp","href":"https:\/\/api.w.org\/{rel}","templated":true}]}}