{"id":5199,"date":"2026-02-25T20:14:34","date_gmt":"2026-02-25T20:14:34","guid":{"rendered":"https:\/\/www.newsrecorder.ro\/app\/2026\/02\/25\/intoarcerea-pasionala-a-capodoperei-la-boheme-pe-scena-operei-bucuresti\/"},"modified":"2026-02-25T20:14:34","modified_gmt":"2026-02-25T20:14:34","slug":"intoarcerea-pasionala-a-capodoperei-la-boheme-pe-scena-operei-bucuresti","status":"publish","type":"post","link":"https:\/\/www.newsrecorder.ro\/app\/2026\/02\/25\/intoarcerea-pasionala-a-capodoperei-la-boheme-pe-scena-operei-bucuresti\/","title":{"rendered":"\u00centoarcerea pasional\u0103 a capodoperei &#8222;La Boh\u00e8me&#8221; pe scena Operei Bucure\u0219ti!"},"content":{"rendered":"<p>\u00cen ajunul Cr\u0103ciunului, Parisul acoperit de z\u0103pad\u0103 devine scena unei prietenii vibrante \u0219i a unei iubiri nea\u0219teptate, care prinde via\u021b\u0103 \u00een mansarda modest\u0103 a poetului Rodolfo. \u00cempreun\u0103 cu prietenii s\u0103i, Marcello, Colline \u0219i Schaunard, el \u00eencearc\u0103 s\u0103 fac\u0103 fa\u021b\u0103 frigului \u0219i s\u0103r\u0103ciei prin umor, art\u0103 \u0219i companie sincer\u0103. Totul se schimb\u0103 \u00eentr-o clip\u0103, c\u00e2nd o simpl\u0103 b\u0103taie \u00een u\u0219\u0103 \u00eei aduce \u00een via\u021b\u0103 pe Mim\u00ec, vecina delicat\u0103 \u0219i fragil\u0103, care p\u0103trunde \u00een lumea lor cu o lum\u00e2nare stins\u0103 \u0219i o tuse care dezv\u0103luie suferin\u021ba sa profund\u0103. Astfel, \u00eentunericul se transform\u0103 \u00een preludiul unei iubiri ce str\u0103luce\u0219te ca o flac\u0103r\u0103 \u00een mijlocul iernii.<\/p>\n<p>Str\u0103zile pline de via\u021b\u0103 ale Cartierului Latin, atmosfera vibrant\u0103 de la cafeneaua Momus \u0219i re\u00eent\u00e2lnirea dramatic\u0103 dintre Musetta \u0219i Marcello se \u00eempletesc \u00eentr-o fresc\u0103 plin\u0103 de culoare, tinere\u021be \u0219i pasiune. Musetta \u00ee\u0219i recucere\u0219te iubitul cu \u0219armul \u0219i inteligen\u021ba sa, \u00een timp ce Rodolfo \u0219i Mim\u00ec tr\u0103iesc o poveste de dragoste emo\u021bionant\u0103, fragil\u0103, marcat\u0103 de temeri, dor \u0219i tandre\u021be.<\/p>\n<p><strong>Iubirea care na\u0219te speran\u021b\u0103 devine, uneori, cea mai dureroas\u0103 ran\u0103<\/strong><\/p>\n<p>Pe m\u0103sur\u0103 ce iarna avanseaz\u0103, destinul celor doi \u00eendr\u0103gosti\u021bi se fr\u00e2nge sub greutatea bolii. Prietenii lor, Schaunard, Colline \u0219i Musetta, sunt dispu\u0219i s\u0103 sacrifice totul pentru a o salva pe Mim\u00ec, dar dragostea nu poate \u00eentotdeauna s\u0103 \u00eenfrunte trecerea timpului. \u00cen mansarda unde a \u00eenceput totul, Mim\u00ec \u00ee\u0219i g\u0103se\u0219te sf\u00e2r\u0219itul \u00een bra\u021bele lui Rodolfo, cu boneta roz, simbol al inocen\u021bei \u0219i al tandre\u021bii, a\u0219ezat\u0103 cu grij\u0103 sub pern\u0103.<\/p>\n<ul>\n<li><strong>Regie:<\/strong> Ionel Pantea<\/li>\n<li><strong>Decor:<\/strong> \u015etefan Caragiu<\/li>\n<li><strong>Costume:<\/strong> Liliana Cenean<\/li>\n<li><strong>Mae\u0219tri de cor:<\/strong> Adrian Ionescu, Ethan Schmeisser<\/li>\n<li><strong>Maestru cor de copii:<\/strong> Smaranda Morgovan<\/li>\n<li><strong>Asistent de regie:<\/strong> Paula Stoica<\/li>\n<li><strong>Dirijor:<\/strong> Daniel Jinga<\/li>\n<li><strong>Distribu\u021bia:<\/strong><\/li>\n<li>Mimi: Marta Sandu Ofrim\/Besa Llugiqi (invitat\u0103); Rodolfo: Alin Stoica\/Andrei Petre; Musetta: Andreea Guri\u021b\u0103 Novac (debut); Marcello: Adrian M\u0103rcan; Schaunard: Dan Indric\u0103u; Colline: Ion Dimieru; Beno\u00eet\/Alcindoro: Damian Vlad\/David Miron; Vame\u0219ul: Adrian Ionescu; Parpignol: Constantin Negru<\/li>\n<\/ul>\n<p>Evenimentul va beneficia de participarea Orchestrei, Corului \u0219i Corului de Copii al Operei Na\u021bionale Bucure\u0219ti.<\/p>\n<p>Exist\u0103 pove\u0219ti care nu se \u00eencheie niciodat\u0103, ci r\u0103m\u00e2n pentru totdeauna \u00eentip\u0103rite \u00een inimile noastre. C\u00e2nd cortina cade, nu se termin\u0103 doar un spectacol, ci se creeaz\u0103 o amintire ce va d\u0103inui ve\u0219nic. \u201eLa Boh\u00e8me\u201d promite dou\u0103 seri de neuitat, programate pentru miercuri, 25 februarie \u0219i joi, 26 februarie, \u00eencep\u00e2nd cu ora 18:30, oferind publicului ocazia de a tr\u0103i intens drama, umorul, muzica \u0219i magia Parisului boem.<\/p>\n","protected":false},"excerpt":{"rendered":"<p>\u00cen ajunul Cr\u0103ciunului, Parisul acoperit de z\u0103pad\u0103 devine scena unei prietenii vibrante \u0219i a unei iubiri nea\u0219teptate, care prinde via\u021b\u0103 \u00een mansarda modest\u0103 a poetului Rodolfo. \u00cempreun\u0103 cu prietenii s\u0103i, Marcello, Colline \u0219i Schaunard, el \u00eencearc\u0103 s\u0103 fac\u0103 fa\u021b\u0103 frigului \u0219i s\u0103r\u0103ciei prin umor, art\u0103 \u0219i companie sincer\u0103. Totul se schimb\u0103 \u00eentr-o clip\u0103, c\u00e2nd o [&hellip;]<\/p>\n","protected":false},"author":7,"featured_media":5200,"comment_status":"open","ping_status":"open","sticky":false,"template":"","format":"standard","meta":{"jnews-multi-image_gallery":[],"jnews_single_post":[],"jnews_primary_category":[],"jnews_override_counter":[],"footnotes":""},"categories":[43],"tags":[2367,7570,7004,1651,340,271,7876,2379],"class_list":["post-5199","post","type-post","status-publish","format-standard","has-post-thumbnail","hentry","category-cultura","tag-arta","tag-cartierul-latin","tag-craciun","tag-drama","tag-iubire","tag-muzica","tag-pariz","tag-prietenie"],"_links":{"self":[{"href":"https:\/\/www.newsrecorder.ro\/app\/wp-json\/wp\/v2\/posts\/5199","targetHints":{"allow":["GET"]}}],"collection":[{"href":"https:\/\/www.newsrecorder.ro\/app\/wp-json\/wp\/v2\/posts"}],"about":[{"href":"https:\/\/www.newsrecorder.ro\/app\/wp-json\/wp\/v2\/types\/post"}],"author":[{"embeddable":true,"href":"https:\/\/www.newsrecorder.ro\/app\/wp-json\/wp\/v2\/users\/7"}],"replies":[{"embeddable":true,"href":"https:\/\/www.newsrecorder.ro\/app\/wp-json\/wp\/v2\/comments?post=5199"}],"version-history":[{"count":0,"href":"https:\/\/www.newsrecorder.ro\/app\/wp-json\/wp\/v2\/posts\/5199\/revisions"}],"wp:featuredmedia":[{"embeddable":true,"href":"https:\/\/www.newsrecorder.ro\/app\/wp-json\/wp\/v2\/media\/5200"}],"wp:attachment":[{"href":"https:\/\/www.newsrecorder.ro\/app\/wp-json\/wp\/v2\/media?parent=5199"}],"wp:term":[{"taxonomy":"category","embeddable":true,"href":"https:\/\/www.newsrecorder.ro\/app\/wp-json\/wp\/v2\/categories?post=5199"},{"taxonomy":"post_tag","embeddable":true,"href":"https:\/\/www.newsrecorder.ro\/app\/wp-json\/wp\/v2\/tags?post=5199"}],"curies":[{"name":"wp","href":"https:\/\/api.w.org\/{rel}","templated":true}]}}