{"id":5207,"date":"2026-02-25T20:37:28","date_gmt":"2026-02-25T20:37:28","guid":{"rendered":"https:\/\/www.newsrecorder.ro\/app\/2026\/02\/25\/descopera-cele-sase-tronuri-regale-expuse-la-muzeul-national-de-istorie\/"},"modified":"2026-02-25T20:37:28","modified_gmt":"2026-02-25T20:37:28","slug":"descopera-cele-sase-tronuri-regale-expuse-la-muzeul-national-de-istorie","status":"publish","type":"post","link":"https:\/\/www.newsrecorder.ro\/app\/2026\/02\/25\/descopera-cele-sase-tronuri-regale-expuse-la-muzeul-national-de-istorie\/","title":{"rendered":"Descoper\u0103 cele \u0219ase tronuri regale expuse la Muzeul Na\u021bional de Istorie!"},"content":{"rendered":"<p>Mu\u0219chiul istoriei rom\u00e2ne\u0219ti prinde via\u021b\u0103 cu ocazia deschiderii expozi\u021biei \u201eTronuri domne\u0219ti \u0219i regale\u201d, un eveniment ce va avea loc joi, 26 februarie, \u00eencep\u00e2nd cu ora 13:00, la Muzeul Na\u021bional de Istorie a Rom\u00e2niei. Anun\u021bul a fost f\u0103cut cu entuziasm pe re\u021belele de socializare ale muzeului.<\/p>\n<p>Expozi\u021bia va aduce \u00een prim-plan \u0219ase tronuri din patrimoniul muzeului, fiecare av\u00e2nd o \u201e\u00eenc\u0103rc\u0103tur\u0103 istoric\u0103, simbolic\u0103 \u0219i artistic\u0103 deosebit\u0103\u201d. Aceste obiecte deosebite ne vor aminti de momente cheie \u0219i personalit\u0103\u021bi marcante din istoria na\u021bional\u0103.<\/p>\n<p>\u201eVizitatorii vor avea ocazia s\u0103 descopere pove\u0219tile acestor tronuri, explor\u00e2nd \u201etraseele\u201d pe care acestea le-au parcurs \u0219i \u201e\u00eencerc\u0103rile\u201d la care au fost supuse de-a lungul timpului\u201d, a explicat MNIR.<\/p>\n<p>Printre exponate se num\u0103r\u0103 tronul lui Grigore Dimitrie Ghica, primul domnitor p\u0103m\u00e2ntean al \u021a\u0103rii Rom\u00e2ne\u0219ti dup\u0103 domniile fanariote (1822\u20131828). Aceast\u0103 pies\u0103 este caracterizat\u0103 prin elemente decorative eclectice, reprezentative pentru stilul european din prima jum\u0103tate a secolului al XIX-lea.<\/p>\n<p>De asemenea, tronul domnitorului Gheorghe Bibescu, care a condus \u021aara Rom\u00e2neasc\u0103 \u00eentre 1842 \u0219i 1848, aduce o not\u0103 de elegan\u021b\u0103, fiind realizat, cel mai probabil, \u00eentr-un atelier austriac. Acesta \u00eembin\u0103 tr\u0103s\u0103turi ale stilului Blondel, popular \u00een Viena dup\u0103 1840.<\/p>\n<p>Tronurile lui Alexandru Ioan Cuza \u0219i ale Doamnei Elena Cuza, cu influen\u021be din stilul Napoleon III, au fost folosite \u0219i de regele Carol I \u0219i regina Elisabeta. Aceste tronuri sunt legate de dou\u0103 evenimente semnificative: Unirea Principatelor Rom\u00e2ne \u00een 1859 \u0219i proclamarea Regatului Rom\u00e2niei, av\u00e2nd un rol esen\u021bial \u00een ceremoniile de \u00eencoronare din 10 mai 1881.<\/p>\n<p>Un alt exponat notabil este tronul reginei Elisabeta, realizat de Casa Krieger din Paris \u00een anul 1884. De asemenea, vizitatorii vor putea admira tronul impun\u0103tor din lemn masiv, cu un sp\u0103tar \u00eenalt de doi metri, care a fost folosit de regii Rom\u00e2niei \u00een Palatul Adun\u0103rii Deputa\u021bilor. Aceast\u0103 pies\u0103, creat\u0103 la \u00eenceputul secolului XX, era considerat\u0103 o adev\u0103rat\u0103 \u201eminune a artei decorative\u201d \u00een epoca sa.<\/p>\n<p>Expozi\u021bia \u201eTronuri domne\u0219ti \u0219i regale\u201d va fi deschis\u0103 publicului \u00eentre 26 februarie \u0219i 15 aprilie 2026. Programul de vizitare este de miercuri p\u00e2n\u0103 duminic\u0103, \u00eentre orele 9:00 \u0219i 17:00 \u00een perioada de iarn\u0103, respectiv 10:00 \u0219i 18:00 \u00een sezonul estival, conform informa\u021biilor furnizate de muzeu.<\/p>\n","protected":false},"excerpt":{"rendered":"<p>Mu\u0219chiul istoriei rom\u00e2ne\u0219ti prinde via\u021b\u0103 cu ocazia deschiderii expozi\u021biei \u201eTronuri domne\u0219ti \u0219i regale\u201d, un eveniment ce va avea loc joi, 26 februarie, \u00eencep\u00e2nd cu ora 13:00, la Muzeul Na\u021bional de Istorie a Rom\u00e2niei. Anun\u021bul a fost f\u0103cut cu entuziasm pe re\u021belele de socializare ale muzeului. Expozi\u021bia va aduce \u00een prim-plan \u0219ase tronuri din patrimoniul muzeului, [&hellip;]<\/p>\n","protected":false},"author":7,"featured_media":5208,"comment_status":"open","ping_status":"open","sticky":false,"template":"","format":"standard","meta":{"jnews-multi-image_gallery":[],"jnews_single_post":[],"jnews_primary_category":[],"jnews_override_counter":[],"footnotes":""},"categories":[43],"tags":[2367,5810,7295,873,5805,1740,7885,7884],"class_list":["post-5207","post","type-post","status-publish","format-standard","has-post-thumbnail","hentry","category-cultura","tag-arta","tag-expozitie","tag-grigore-dimitrie-ghica","tag-istorie","tag-muzeu","tag-patrimoniu","tag-personalitati","tag-tronuri"],"_links":{"self":[{"href":"https:\/\/www.newsrecorder.ro\/app\/wp-json\/wp\/v2\/posts\/5207","targetHints":{"allow":["GET"]}}],"collection":[{"href":"https:\/\/www.newsrecorder.ro\/app\/wp-json\/wp\/v2\/posts"}],"about":[{"href":"https:\/\/www.newsrecorder.ro\/app\/wp-json\/wp\/v2\/types\/post"}],"author":[{"embeddable":true,"href":"https:\/\/www.newsrecorder.ro\/app\/wp-json\/wp\/v2\/users\/7"}],"replies":[{"embeddable":true,"href":"https:\/\/www.newsrecorder.ro\/app\/wp-json\/wp\/v2\/comments?post=5207"}],"version-history":[{"count":0,"href":"https:\/\/www.newsrecorder.ro\/app\/wp-json\/wp\/v2\/posts\/5207\/revisions"}],"wp:featuredmedia":[{"embeddable":true,"href":"https:\/\/www.newsrecorder.ro\/app\/wp-json\/wp\/v2\/media\/5208"}],"wp:attachment":[{"href":"https:\/\/www.newsrecorder.ro\/app\/wp-json\/wp\/v2\/media?parent=5207"}],"wp:term":[{"taxonomy":"category","embeddable":true,"href":"https:\/\/www.newsrecorder.ro\/app\/wp-json\/wp\/v2\/categories?post=5207"},{"taxonomy":"post_tag","embeddable":true,"href":"https:\/\/www.newsrecorder.ro\/app\/wp-json\/wp\/v2\/tags?post=5207"}],"curies":[{"name":"wp","href":"https:\/\/api.w.org\/{rel}","templated":true}]}}