{"id":521,"date":"2026-01-23T21:47:15","date_gmt":"2026-01-23T21:47:15","guid":{"rendered":"https:\/\/www.newsrecorder.ro\/app\/2026\/01\/23\/zelenski-dezvaluie-noutati-cheie-dupa-negocierile-trilaterale-de-la-abu-dhabi\/"},"modified":"2026-01-23T21:47:15","modified_gmt":"2026-01-23T21:47:15","slug":"zelenski-dezvaluie-noutati-cheie-dupa-negocierile-trilaterale-de-la-abu-dhabi","status":"publish","type":"post","link":"https:\/\/www.newsrecorder.ro\/app\/2026\/01\/23\/zelenski-dezvaluie-noutati-cheie-dupa-negocierile-trilaterale-de-la-abu-dhabi\/","title":{"rendered":"Zelenski dezv\u0103luie nout\u0103\u021bi cheie dup\u0103 negocierile trilaterale de la Abu Dhabi"},"content":{"rendered":"<p>Discu\u021biile trilaterale desf\u0103\u0219urate vineri \u00een Emiratele Arabe Unite au avut ca scop realizarea unei \u201ep\u0103ci demne \u0219i durabile\u201d, a anun\u021bat negociatorul principal al Ucrainei, Rustem Umerov, \u00eentr-o postare pe platforma X, dup\u0103 finalizarea \u00eent\u00e2lnirii, conform informa\u021biilor furnizate de <a href=\"https:\/\/edition.cnn.com\/politics\/live-news\/trump-administration-news-01-23-26\">CNN<\/a>.<\/p>\n<p>Umerov, al\u0103turi de Kyrylo Budanov \u0219i al\u021bi oficiali ucraineni, a participat la \u00eent\u00e2lnirea trilateral\u0103 care a inclus reprezentan\u021bi din Statele Unite \u0219i Rusia. \u00cen cadrul discu\u021biilor, Umerov a subliniat importan\u021ba medierii americane, afirm\u00e2nd c\u0103 \u00eent\u00e2lnirea s-a concentrat asupra parametrii necesari pentru \u00eencheierea conflictului generat de Rusia \u0219i asupra direc\u021biei procesului de negociere ce vizeaz\u0103 o pace stabil\u0103.<\/p>\n<p>De asemenea, el a men\u021bionat c\u0103 al\u021bi oficiali ucraineni, inclusiv \u0219eful Statului Major General, Andrii Hnatov, \u0219i adjunctul \u0219efului Serviciului de Informa\u021bii al Ap\u0103r\u0103rii, Vadym Skibitskyi, vor participa la discu\u021biile care vor continua s\u00e2mb\u0103t\u0103. Umerov a ad\u0103ugat c\u0103 echipa ucrainean\u0103 este preg\u0103tit\u0103 s\u0103 colaboreze \u00een diverse formate, adapt\u00e2ndu-se la evolu\u021biile dialogului.<\/p>\n<p>\u00cen ceea ce prive\u0219te progresele realizate, o surs\u0103 apropiat\u0103 discu\u021biilor a declarat pentru CNN c\u0103 \u00eent\u00e2lnirile trilaterale de la Abu Dhabi s-au \u00eencheiat pentru ziua de ast\u0103zi, cu planuri de a continua discu\u021biile s\u00e2mb\u0103t\u0103, conform informa\u021biilor transmise de agen\u021bia de \u0219tiri rus\u0103 TASS. Detalii suplimentare despre discu\u021biile purtate nu au fost \u00eenc\u0103 f\u0103cute publice.<\/p>\n<p>Discu\u021biile s-au concentrat \u00een special asupra regiunii Donbas din Ucraina, o zon\u0103 bogat\u0103 \u00een resurse minerale, care reprezint\u0103 un punct central al conflictului. Pre\u0219edintele Ucrainei, Volodimir Zelenski, a subliniat c\u0103 totul se reduce la problema teritorial\u0103, av\u00e2nd \u00een vedere cererea Rusiei de a renun\u021ba la p\u0103r\u021bile din Donbas pe care Ucraina le controleaz\u0103 \u00een prezent. Un consilier al Kremlinului a avertizat c\u0103 nu se va ajunge la o solu\u021bie pe termen lung f\u0103r\u0103 rezolvarea acestei probleme teritoriale.<\/p>\n<p>\u00centr-o alt\u0103 actualizare, ministrul de externe al Emiratelor Arabe Unite, Abdullah bin Zayed, a anun\u021bat c\u0103 discu\u021biile trilaterale au \u00eenceput \u0219i vor dura timp de dou\u0103 zile. Aceste negocieri constituie prima \u00eent\u00e2lnire trilateral\u0103 \u00eentre delega\u021biile Rusiei, Ucrainei \u0219i Statelor Unite de la \u00eenceputul invaziei ruse\u0219ti.<\/p>\n<p>Delega\u021bia Rusiei este condus\u0103 de \u0219eful GRU, Igor Kostiukov, \u00een timp ce echipa ucrainean\u0103 include personalit\u0103\u021bi importante precum Kirilo Budanov \u0219i Rustem Umerov. Kremlinul a confirmat participarea sa \u0219i a men\u021bionat c\u0103 discu\u021biile vor lua \u00een considerare negocierile anterioare desf\u0103\u0219urate \u00eentre Vladimir Putin \u0219i emisarii americani Steve Witkoff \u0219i Jared Kushner.<\/p>\n<p>Pe de alt\u0103 parte, pre\u0219edintele Zelenski a declarat c\u0103 a avut consult\u0103ri cu echipa de negociatori \u00eenainte de \u00eenceperea \u00eent\u00e2lnirii, stabilind cadrul \u0219i obiectivele dorite ale discu\u021biilor. El a subliniat c\u0103 formatul negocierilor poate fi adaptabil, \u00een func\u021bie de natura dialogului.<\/p>\n<p>\u00cen contextul acestui proces de negociere, Zelenski a reiterat c\u0103 problemele teritoriale vor fi discutate, men\u021bion\u00e2nd a\u0219tept\u0103rile legate de o posibil\u0103 \u00eent\u00e2lnire cu Donald Trump pentru a stabili detalii despre garan\u021biile de securitate ale SUA pentru Ucraina. De asemenea, el a subliniat c\u0103 Ucraina nu va ceda teritoriile pe care le-a ap\u0103rat cu sacrificii considerabile.<\/p>\n<p>Aceste negocieri sunt cruciale, av\u00e2nd \u00een vedere c\u0103 Rusia insist\u0103 asupra ced\u0103rii a aproximativ 20% din teritoriul pe care Ucraina \u00eel de\u021bine \u00een regiunea estic\u0103 Done\u021bk. Pe fondul acestor tensiuni, administra\u021bia Trump a continuat s\u0103 fac\u0103 presiuni pentru un acord de pace, trimi\u021b\u00e2nd emisari la Kiev \u0219i Moscova, ceea ce a generat \u00eengrijor\u0103ri c\u0103 Ucraina ar putea fi for\u021bat\u0103 s\u0103 accepte un acord defavorabil.<\/p>\n<p>\u00cent\u00e2lnirea trilateral\u0103 de la Abu Dhabi, programat\u0103 s\u0103 dureze dou\u0103 zile, reprezint\u0103 o oportunitate important\u0103 de dialog \u00eentre p\u0103r\u021bile implicate, \u00een contextul complicat al r\u0103zboiului din Ucraina.<\/p>\n","protected":false},"excerpt":{"rendered":"<p>Discu\u021biile trilaterale desf\u0103\u0219urate vineri \u00een Emiratele Arabe Unite au avut ca scop realizarea unei \u201ep\u0103ci demne \u0219i durabile\u201d, a anun\u021bat negociatorul principal al Ucrainei, Rustem Umerov, \u00eentr-o postare pe platforma X, dup\u0103 finalizarea \u00eent\u00e2lnirii, conform informa\u021biilor furnizate de CNN. Umerov, al\u0103turi de Kyrylo Budanov \u0219i al\u021bi oficiali ucraineni, a participat la \u00eent\u00e2lnirea trilateral\u0103 care a [&hellip;]<\/p>\n","protected":false},"author":2,"featured_media":522,"comment_status":"open","ping_status":"open","sticky":false,"template":"","format":"standard","meta":{"jnews-multi-image_gallery":[],"jnews_single_post":[],"jnews_primary_category":[],"jnews_override_counter":[],"footnotes":""},"categories":[39],"tags":[808,810,686,811,807,681,809,682],"class_list":["post-521","post","type-post","status-publish","format-standard","has-post-thumbnail","hentry","category-stirile-zilei","tag-emirat","tag-mediere","tag-negocieri","tag-oficiali","tag-pace","tag-rusia","tag-trilateral","tag-ucraina"],"_links":{"self":[{"href":"https:\/\/www.newsrecorder.ro\/app\/wp-json\/wp\/v2\/posts\/521","targetHints":{"allow":["GET"]}}],"collection":[{"href":"https:\/\/www.newsrecorder.ro\/app\/wp-json\/wp\/v2\/posts"}],"about":[{"href":"https:\/\/www.newsrecorder.ro\/app\/wp-json\/wp\/v2\/types\/post"}],"author":[{"embeddable":true,"href":"https:\/\/www.newsrecorder.ro\/app\/wp-json\/wp\/v2\/users\/2"}],"replies":[{"embeddable":true,"href":"https:\/\/www.newsrecorder.ro\/app\/wp-json\/wp\/v2\/comments?post=521"}],"version-history":[{"count":0,"href":"https:\/\/www.newsrecorder.ro\/app\/wp-json\/wp\/v2\/posts\/521\/revisions"}],"wp:featuredmedia":[{"embeddable":true,"href":"https:\/\/www.newsrecorder.ro\/app\/wp-json\/wp\/v2\/media\/522"}],"wp:attachment":[{"href":"https:\/\/www.newsrecorder.ro\/app\/wp-json\/wp\/v2\/media?parent=521"}],"wp:term":[{"taxonomy":"category","embeddable":true,"href":"https:\/\/www.newsrecorder.ro\/app\/wp-json\/wp\/v2\/categories?post=521"},{"taxonomy":"post_tag","embeddable":true,"href":"https:\/\/www.newsrecorder.ro\/app\/wp-json\/wp\/v2\/tags?post=521"}],"curies":[{"name":"wp","href":"https:\/\/api.w.org\/{rel}","templated":true}]}}