{"id":5217,"date":"2026-02-25T22:27:37","date_gmt":"2026-02-25T22:27:37","guid":{"rendered":"https:\/\/www.newsrecorder.ro\/app\/2026\/02\/25\/gala-premiilor-uniter-victor-rebengiuc-omagiat-pentru-cariera-legendara\/"},"modified":"2026-02-25T22:27:37","modified_gmt":"2026-02-25T22:27:37","slug":"gala-premiilor-uniter-victor-rebengiuc-omagiat-pentru-cariera-legendara","status":"publish","type":"post","link":"https:\/\/www.newsrecorder.ro\/app\/2026\/02\/25\/gala-premiilor-uniter-victor-rebengiuc-omagiat-pentru-cariera-legendara\/","title":{"rendered":"Gala Premiilor UNITER: Victor Rebengiuc, omagiat pentru carier\u0103 legendara!"},"content":{"rendered":"<p>Conform UNITER, \u00een urma propunerilor primite de la teatre \u0219i de la membrii Senatului UNITER, \u00een data de 23 februarie 2026, au fost anun\u021bate premiile speciale \u0219i cele pentru \u00eentreaga activitate.<\/p>\n<p>Premiul de Excelen\u021b\u0103 \u201eIon Caramitru\u201d a fost acordat Teatrului ACT, recunoscut ca fiind primul teatru independent din Rom\u00e2nia \u0219i un simbol al valorii \u0219i demnit\u0103\u021bii \u00een cultura rom\u00e2n\u0103 timp de peste 25 de ani.<\/p>\n<p>Premiile pentru \u00eentreaga activitate au fost decernate astfel:<\/p>\n<ul>\n<li>Premiul pentru \u00eentreaga activitate (actri\u021b\u0103): Catrinel Dumitrescu<\/li>\n<li>Premiul pentru \u00eentreaga activitate (actor): Marius Bodochi<\/li>\n<li>Premiul pentru \u00eentreaga activitate (regie): Tompa G\u00e1bor<\/li>\n<li>Premiul pentru \u00eentreaga activitate (scenografie): Marie-Jeanne Lecca<\/li>\n<li>Premiul pentru \u00eentreaga activitate (critic\u0103 \u0219i istorie teatral\u0103): Marina Constantinescu<\/li>\n<\/ul>\n<p>De asemenea, UNITER a adus un omagiu lui Victor Rebengiuc pentru \u201ecariera sa str\u0103lucit\u0103 \u0219i longeviv\u0103\u201d.<\/p>\n<h2>Premii speciale<\/h2>\n<ul>\n<li>Asocia\u021bia \u0218erban Ionescu a fost premiat\u0103 pentru Festivalul de Teatru \u0219i Film, edi\u021bia a V-a, pentru crearea unui spa\u021biu de crea\u021bie \u0219i identitate cultural\u0103 \u00een localitatea 2 Mai.<\/li>\n<li>Teatrul de Art\u0103 Bucure\u0219ti a fost onorat pentru rezisten\u021b\u0103 \u0219i voca\u021bie \u00een cultura independent\u0103, s\u0103rb\u0103torind 15 ani de activitate \u00een 2025.<\/li>\n<li>Teatrul Na\u021bional \u201eMarin Sorescu\u201d din Craiova a fost recunoscut cu ocazia \u00eemplinirii a 175 de ani de slujire a culturii rom\u00e2ne\u0219ti.<\/li>\n<li>Teatrul Na\u021bional \u201eVasile Alecsandri\u201d din Ia\u0219i a s\u0103rb\u0103torit 185 de ani de istorie, tradi\u021bie \u0219i continuitate.<\/li>\n<\/ul>\n<h2>Nominaliz\u0103rile pentru Premiile Galei UNITER 2026<\/h2>\n<p>Pentru cea de-a XXXIV-a edi\u021bie a Galei Premiilor UNITER, juriul de nominaliz\u0103ri a fost compus din criticii de teatru Oana Bor\u0219, Mihai Brezeanu \u0219i Iulia Popovici. Spectacolele analizate au avut premiera \u00eentre 1 ianuarie \u0219i 31 decembrie 2025.<\/p>\n<h3>Cel mai bun debut<\/h3>\n<ul>\n<li>Maria Elena Morar pentru rolurile din spectacolul \u201eLalele, p\u0103s\u0103ri \u0219i beton\u201d, scenariul Leta Popescu \u0219i Diana Mihala\u0219cu, regia Leta Popescu.<\/li>\n<li>Larisa Popa pentru regia spectacolului \u201eAcest loc blestemat\u201d de Anamaria Feraru \u0219i Ruxandra Simion.<\/li>\n<li>Ada-Maria Zaharia pentru scenografia spectacolului \u201eNoi, lupii\u201d de Joel Horwood.<\/li>\n<\/ul>\n<h3>Cel mai bun spectacol de teatru radiofonic<\/h3>\n<ul>\n<li>\u201e1984\u201d de George Orwell, adaptarea \u0219i regia Alexandru Unguru.<\/li>\n<li>\u201eFereastra care n-avea somn\u201d de Selma Drago\u0219, adaptarea radiofonic\u0103 \u0219i regia Mihnea Chelaru.<\/li>\n<li>\u201eheteroS\u0103l\u0103jan\u201d de R\u0103zvan Omot\u0103, regia Robert Kocsis.<\/li>\n<li>\u201eOedip la Colonos\u201d de Sofocle, regia Gavriil Pinte.<\/li>\n<\/ul>\n<h3>Cea mai bun\u0103 scenografie<\/h3>\n<ul>\n<li>Gabi Albu pentru \u201e\u00cen zori, lumina e mai aspr\u0103\u201d de Mihaela Michailov.<\/li>\n<li>Gyop\u00e1r Bocskai pentru \u201eI am the wind\u201d de Jon Fosse.<\/li>\n<li>Oana Micu pentru \u201eLivada de vi\u0219ini\u201d de A.P. Cehov.<\/li>\n<li>Irina Moscu pentru \u201eProorocul Ilie\u201d de Tadeusz S\u0142obodzianek.<\/li>\n<li>Be\u00e1ta V.S\u00f3s \u0219i S\u00e1ra Katalin Mih\u00e1ly pentru \u201eMaestrul \u0219i Margareta\u201d dup\u0103 Mihail Bulgakov.<\/li>\n<\/ul>\n<h3>Cel mai bun actor \u00een rol secundar<\/h3>\n<ul>\n<li>George Albert Costea pentru rolul Evgheni Konstantinovici Lvov din \u201eIvanov\u201d de A.P. Cehov.<\/li>\n<li>\u0218tefan Iancu pentru rolul Arti din \u201eClub 27\u201d de C\u0103t\u0103lina Mihai.<\/li>\n<li>Sorin Leoveanu pentru rolurile Lady Margaret\/Clarence din \u201eRichard al III-lea\u201d de William Shakespeare.<\/li>\n<li>Csongor Zsolt Nagy pentru rolurile Dinis\/Ver\u0219inin\/Harpagon\/Doctorul din \u201eSopro \u2013 \u0218oapte din umbr\u0103\u201d de Tiago Rodrigues.<\/li>\n<li>Tibor P\u00e1lffy pentru rolul Jean din \u201eRinocerii\u201d de Eug\u00e8ne Ionesco.<\/li>\n<\/ul>\n<h3>Cea mai bun\u0103 actri\u021b\u0103 \u00een rol secundar<\/h3>\n<ul>\n<li>Alexandra Caras pentru rolul Mica din \u201eDealul florilor\u201d de Cali\u021ba Nantu.<\/li>\n<li>Blanca Doba pentru rolul Jim Curry din \u201eOmul care aduce ploaia\u201d de Richard Nash.<\/li>\n<li>Elena Emandi pentru rolurile Izabela, narator \u0219i \u00eengerul din \u201eVia\u021ba, moartea \u0219i \u00eenvierea domnului Valentin Ionescu\u201d de Radu Horghidan.<\/li>\n<li>Ioana Iacob pentru rolul Mariedl din \u201e\u0218efele\u201d de Werner Schwab.<\/li>\n<li>Blanka Moldov\u00e1n pentru rolurile Directoarea\/Izabel\/Olga\/Antigona\/Berenice din \u201eSopro \u2013 \u0218oapte din umbr\u0103\u201d de Tiago Rodrigues.<\/li>\n<\/ul>\n<h3>Cel mai bun actor \u00een rol principal<\/h3>\n<ul>\n<li>Tudor Chiril\u0103 pentru rolul B\u00e9renger din \u201eRinocerii\u201d de Eug\u00e8ne Ionesco.<\/li>\n<li>Bence K\u00f3nya-\u00dct\u0151 pentru rolul B\u00e9renger din \u201eRinocerii\u201d de Eug\u00e8ne Ionesco.<\/li>\n<li>Csaba L\u00e1szl\u00f3 pentru rolul Both Karola din \u201eCasa dintre blocuri\u201d de Radu Afrim.<\/li>\n<li>Nicu Mihoc pentru rolul Edmund Tyrone din \u201eLungul drum al zilei c\u0103tre noapte\u201d dup\u0103 Eugene O\u2019Neill.<\/li>\n<li>Marius Turdeanu pentru rolul Gregor din \u201eMetamorfoza\u201d de Franz Kafka.<\/li>\n<\/ul>\n<h3>Cea mai bun\u0103 actri\u021b\u0103 \u00een rol principal<\/h3>\n<ul>\n<li>Katalin Berekm\u00e9ri pentru rolul Both Etelka din \u201eCasa dintre blocuri\u201d de Radu Afrim.<\/li>\n<li>Andreea Boboc pentru rolul Dorra din \u201eFemeia \u2013 c\u00e2mp de lupt\u0103\u201d de Matei Vi\u0219niec.<\/li>\n<li>C\u0103t\u0103lina Mihai pentru rolul Janis din \u201eClub 27\u201d de C\u0103t\u0103lina Mihai.<\/li>\n<li>Cali\u021ba Nantu pentru rolurile Nadia, Tov. Ludmila, Aurora din \u201eAr\u0103deanca\u201d de Elise Wilk.<\/li>\n<li>Alina Petric\u0103 pentru rolul Girafa din \u201eTriste\u021be \u0219i bucurie \u00een via\u021ba girafelor\u201d de Tiago Rodrigues.<\/li>\n<\/ul>\n<h3>Cea mai bun\u0103 regie (Premiul \u201eLucian Pintilie\u201d)<\/h3>\n<ul>\n<li>Radu Afrim pentru \u201eCasa dintre blocuri\u201d de Radu Afrim.<\/li>\n<li>Radu Apostol pentru \u201e\u00cen zori, lumina e mai aspr\u0103\u201d de Mihaela Michailov.<\/li>\n<li>L\u00e1szl\u00f3 Bocs\u00e1rdi pentru \u201eSopro \u2013 \u0218oapte din umbr\u0103\u201d de Tiago Rodrigues.<\/li>\n<li>Catinca Dr\u0103g\u0103nescu pentru \u201eMacbeth.0\u201d dup\u0103 William Shakespeare.<\/li>\n<li>Vlad Massaci pentru \u201eRinocerii\u201d de Eug\u00e8ne Ionesco.<\/li>\n<\/ul>\n<h3>Cel mai bun spectacol<\/h3>\n<ul>\n<li>\u201eCasa dintre blocuri\u201d, textul \u0219i regia Radu Afrim.<\/li>\n<li>\u201eLungul drum al zilei c\u0103tre noapte\u201d dup\u0103 Eugene O\u2019Neill.<\/li>\n<li>\u201eMetamorfoza\u201d de Franz Kafka.<\/li>\n<li>\u201eSopro \u2013 \u0218oapte din umbr\u0103\u201d de Tiago Rodrigues.<\/li>\n<\/ul>\n<h3>Cel mai bun critic de teatru (Premiul \u201eGeorge Banu\u201d)<\/h3>\n<ul>\n<li>Raluca Blaga pentru monografia \u201eun regizor: Theodor-Cristian Popescu\u201d.<\/li>\n<li>Kinga Boros pentru analizele critice despre teatrul din Transilvania.<\/li>\n<li>C\u0103lin Ciobotari pentru volumul \u201eDramaturgiile alcoolului \u2013 Repere dintr-o istorie fluid\u0103 a teatrului\u201d.<\/li>\n<\/ul>\n<h3>Cel mai bun text dramatic rom\u00e2nesc montat \u00een premier\u0103 absolut\u0103<\/h3>\n<ul>\n<li>\u201e\u00cen zori, lumina e mai aspr\u0103\u201d de Mihaela Michailov.<\/li>\n<li>\u201eLalele, p\u0103s\u0103ri \u0219i beton\u201d, scenariul Leta Popescu \u0219i Diana Mihala\u0219cu.<\/li>\n<li>\u201eMare\u0219ala\u201d, textul \u0219i regia Alina Nelega.<\/li>\n<li>\u201eNa\u0219terea unui dictator\u201d de Csaba Sz\u00e9kely.<\/li>\n<li>\u201eVia\u021ba, moartea \u0219i \u00eenvierea domnului Valentin Ionescu\u201d de Radu Horghidan.<\/li>\n<\/ul>\n<h3>Cel mai bun spectacol de teatru de anima\u021bie \/ teatru pentru copii<\/h3>\n<ul>\n<li>\u201eBekkanko\u201d de Asaya Fujita.<\/li>\n<li>\u201eDracula. Despre cum am devenit un monstru\u201d, conceptul, regia \u0219i scenografia Dimitros Stamou \u0219i Demy Papada.<\/li>\n<li>\u201eThe window\u201d, dramatizarea Robert Copo\u021b, Lauren\u021biu Ple\u0219a, David Zuazola.<\/li>\n<\/ul>\n<h3>Cea mai bun\u0103 muzic\u0103 original\u0103 \u0219i sound design<\/h3>\n<ul>\n<li>Sebastian Androne Nakanishi pentru \u201eDark Play\u201d de Carlos Murillo.<\/li>\n<li>Csaba Boros pentru \u201eI am the wind\u201d de Jon Fosse.<\/li>\n<li>Cristina Juncu pentru \u201eA\u0219tept\u00e2ndu-l pe Ulise\u201d.<\/li>\n<li>Vasile \u0218irli pentru \u201eNeasemuita poveste a lui Abul Hossein Yemenitul \u0219i a fugii lui \u00een pustie\u201d.<\/li>\n<li>Claudiu Urse pentru \u201eProorocul Ilie\u201d de Tadeusz S\u0142obodzianek.<\/li>\n<\/ul>\n<h3>Cel mai bun video design<\/h3>\n<ul>\n<li>Elena G\u0103geanu pentru \u201e\u00cen zori, lumina e mai aspr\u0103\u201d de Mihaela Michailov.<\/li>\n<li>Dan Ionescu \u0219i Ciprian F\u0103c\u0103eru pentru \u201eMacbeth.0\u201d dup\u0103 William Shakespeare.<\/li>\n<li>Bogdan Sl\u0103vescu pentru \u201eDark Play\u201d de Carlos Murillo.<\/li>\n<\/ul>\n<h3>Cel mai bun lighting design<\/h3>\n<ul>\n<li>Costi Baciu pentru \u201eDe profundis\u201d, dup\u0103 Oscar Wilde.<\/li>\n<li>Romeo Groza pentru \u201eI am the wind\u201d de Jon Fosse.<\/li>\n<li>Nichita Teodorescu pentru \u201eIarna\u201d de Jon Fosse.<\/li>\n<\/ul>\n<h3>Cea mai bun\u0103 coregrafie \/ mi\u0219care scenic\u0103<\/h3>\n<ul>\n<li>Andrea Gavriliu pentru \u201eRave de Ravel\u201d.<\/li>\n<li>Flavia Giurgiu pentru \u201eUltima var\u0103 de pace\u201d, textul \u0219i regia Radu Afrim.<\/li>\n<li>Arcadie Rusu pentru \u201eNijinski. Agonie \u0219i extaz\u201d.<\/li>\n<\/ul>\n","protected":false},"excerpt":{"rendered":"<p>Conform UNITER, \u00een urma propunerilor primite de la teatre \u0219i de la membrii Senatului UNITER, \u00een data de 23 februarie 2026, au fost anun\u021bate premiile speciale \u0219i cele pentru \u00eentreaga activitate. Premiul de Excelen\u021b\u0103 \u201eIon Caramitru\u201d a fost acordat Teatrului ACT, recunoscut ca fiind primul teatru independent din Rom\u00e2nia \u0219i un simbol al valorii \u0219i [&hellip;]<\/p>\n","protected":false},"author":7,"featured_media":5218,"comment_status":"open","ping_status":"open","sticky":false,"template":"","format":"standard","meta":{"jnews-multi-image_gallery":[],"jnews_single_post":[],"jnews_primary_category":[],"jnews_override_counter":[],"footnotes":""},"categories":[43],"tags":[1504,1626,7899,2076,578,7900,576,3530],"class_list":["post-5217","post","type-post","status-publish","format-standard","has-post-thumbnail","hentry","category-cultura","tag-actori","tag-cultura-romana","tag-ion-caramitru","tag-omagiu","tag-premii","tag-premiul-pentru-intreaga-activitate","tag-teatru","tag-uniter"],"_links":{"self":[{"href":"https:\/\/www.newsrecorder.ro\/app\/wp-json\/wp\/v2\/posts\/5217","targetHints":{"allow":["GET"]}}],"collection":[{"href":"https:\/\/www.newsrecorder.ro\/app\/wp-json\/wp\/v2\/posts"}],"about":[{"href":"https:\/\/www.newsrecorder.ro\/app\/wp-json\/wp\/v2\/types\/post"}],"author":[{"embeddable":true,"href":"https:\/\/www.newsrecorder.ro\/app\/wp-json\/wp\/v2\/users\/7"}],"replies":[{"embeddable":true,"href":"https:\/\/www.newsrecorder.ro\/app\/wp-json\/wp\/v2\/comments?post=5217"}],"version-history":[{"count":0,"href":"https:\/\/www.newsrecorder.ro\/app\/wp-json\/wp\/v2\/posts\/5217\/revisions"}],"wp:featuredmedia":[{"embeddable":true,"href":"https:\/\/www.newsrecorder.ro\/app\/wp-json\/wp\/v2\/media\/5218"}],"wp:attachment":[{"href":"https:\/\/www.newsrecorder.ro\/app\/wp-json\/wp\/v2\/media?parent=5217"}],"wp:term":[{"taxonomy":"category","embeddable":true,"href":"https:\/\/www.newsrecorder.ro\/app\/wp-json\/wp\/v2\/categories?post=5217"},{"taxonomy":"post_tag","embeddable":true,"href":"https:\/\/www.newsrecorder.ro\/app\/wp-json\/wp\/v2\/tags?post=5217"}],"curies":[{"name":"wp","href":"https:\/\/api.w.org\/{rel}","templated":true}]}}