{"id":5221,"date":"2026-02-25T22:27:57","date_gmt":"2026-02-25T22:27:57","guid":{"rendered":"https:\/\/www.newsrecorder.ro\/app\/2026\/02\/25\/bolojan-la-bruxelles-discutii-cruciale-cu-europarlamentarii-despre-pnrr\/"},"modified":"2026-02-25T22:27:57","modified_gmt":"2026-02-25T22:27:57","slug":"bolojan-la-bruxelles-discutii-cruciale-cu-europarlamentarii-despre-pnrr","status":"publish","type":"post","link":"https:\/\/www.newsrecorder.ro\/app\/2026\/02\/25\/bolojan-la-bruxelles-discutii-cruciale-cu-europarlamentarii-despre-pnrr\/","title":{"rendered":"Bolojan la Bruxelles: Discu\u021bii cruciale cu europarlamentarii despre PNRR!"},"content":{"rendered":"<p>Ilie Bolojan, premierul Rom\u00e2niei, a avut o \u00eent\u00e2lnire important\u0103 cu europarlamentarii rom\u00e2ni din partidele de guvern\u0103m\u00e2nt, \u00een cadrul c\u0103reia a discutat despre agenda sa pentru vizita de joi la Bruxelles. Aceast\u0103 \u00eent\u00e2lnire se va desf\u0103\u0219ura cu \u00eenal\u021bi oficiali europeni \u0219i are ca scop abordarea unor teme esen\u021biale pentru \u021bara noastr\u0103.<\/p>\n<p>Printre subiectele principale pe care premierul le va aduce \u00een discu\u021bie se num\u0103r\u0103 recuperarea celor 231 de milioane de euro din Planul Na\u021bional de Redresare \u0219i Rezilien\u021b\u0103 (PNRR), o sum\u0103 crucial\u0103 pentru Rom\u00e2nia, care depinde de implementarea reformei pensiilor speciale destinate magistra\u021bilor.<\/p>\n<p>De asemenea, agenda cuprinde aspecte legate de Programul SAFE, situa\u021bia fiscal-bugetar\u0103 a Rom\u00e2niei \u0219i m\u0103surile adoptate pentru a reduce deficitul bugetar, teme de mare actualitate \u00een contextul economic european.<\/p>\n<p>Premierul Bolojan a subliniat importan\u021ba celor dou\u0103 ordonan\u021be de urgen\u021b\u0103 adoptate recent de Guvern, menite s\u0103 sprijine relansarea economic\u0103 \u0219i s\u0103 reformeze administra\u021bia public\u0103, pentru a r\u0103spunde mai bine nevoilor cet\u0103\u021benilor.<\/p>\n<p>La aceast\u0103 \u00eent\u00e2lnire au participat o serie de europarlamentari de marc\u0103, printre care Vasile D\u00e2ncu, Vlad Voiculescu, Daniel Buda, Maria Grapini, Mircea Hava, Rare\u0219 Bogdan, Virgil Popescu, Drago\u0219 Benea, Adina V\u0103lean, Siegfried Mure\u0219an, Dan Motreanu \u0219i Iuliu Winkler, fiecare av\u00e2nd un rol important \u00een sus\u021binerea proiectelor guvernamentale pe plan european.<\/p>\n","protected":false},"excerpt":{"rendered":"<p>Ilie Bolojan, premierul Rom\u00e2niei, a avut o \u00eent\u00e2lnire important\u0103 cu europarlamentarii rom\u00e2ni din partidele de guvern\u0103m\u00e2nt, \u00een cadrul c\u0103reia a discutat despre agenda sa pentru vizita de joi la Bruxelles. Aceast\u0103 \u00eent\u00e2lnire se va desf\u0103\u0219ura cu \u00eenal\u021bi oficiali europeni \u0219i are ca scop abordarea unor teme esen\u021biale pentru \u021bara noastr\u0103. Printre subiectele principale pe care [&hellip;]<\/p>\n","protected":false},"author":2,"featured_media":5222,"comment_status":"open","ping_status":"open","sticky":false,"template":"","format":"standard","meta":{"jnews-multi-image_gallery":[],"jnews_single_post":[],"jnews_primary_category":[],"jnews_override_counter":[],"footnotes":""},"categories":[42],"tags":[2587,298,4157,302,2405,4207,2668,2622],"class_list":["post-5221","post","type-post","status-publish","format-standard","has-post-thumbnail","hentry","category-politica","tag-bruxelles","tag-deficit-bugetar","tag-europarlamentari","tag-ilie-bolojan","tag-pensii-speciale","tag-plan-national-de-redresare","tag-programul-safe","tag-reforma-economica"],"_links":{"self":[{"href":"https:\/\/www.newsrecorder.ro\/app\/wp-json\/wp\/v2\/posts\/5221","targetHints":{"allow":["GET"]}}],"collection":[{"href":"https:\/\/www.newsrecorder.ro\/app\/wp-json\/wp\/v2\/posts"}],"about":[{"href":"https:\/\/www.newsrecorder.ro\/app\/wp-json\/wp\/v2\/types\/post"}],"author":[{"embeddable":true,"href":"https:\/\/www.newsrecorder.ro\/app\/wp-json\/wp\/v2\/users\/2"}],"replies":[{"embeddable":true,"href":"https:\/\/www.newsrecorder.ro\/app\/wp-json\/wp\/v2\/comments?post=5221"}],"version-history":[{"count":0,"href":"https:\/\/www.newsrecorder.ro\/app\/wp-json\/wp\/v2\/posts\/5221\/revisions"}],"wp:featuredmedia":[{"embeddable":true,"href":"https:\/\/www.newsrecorder.ro\/app\/wp-json\/wp\/v2\/media\/5222"}],"wp:attachment":[{"href":"https:\/\/www.newsrecorder.ro\/app\/wp-json\/wp\/v2\/media?parent=5221"}],"wp:term":[{"taxonomy":"category","embeddable":true,"href":"https:\/\/www.newsrecorder.ro\/app\/wp-json\/wp\/v2\/categories?post=5221"},{"taxonomy":"post_tag","embeddable":true,"href":"https:\/\/www.newsrecorder.ro\/app\/wp-json\/wp\/v2\/tags?post=5221"}],"curies":[{"name":"wp","href":"https:\/\/api.w.org\/{rel}","templated":true}]}}