{"id":5229,"date":"2026-02-25T22:28:41","date_gmt":"2026-02-25T22:28:41","guid":{"rendered":"https:\/\/www.newsrecorder.ro\/app\/2026\/02\/25\/viitorul-litoralului-romanesc-ce-planuri-are-ministrul-mediului-2\/"},"modified":"2026-02-25T22:28:41","modified_gmt":"2026-02-25T22:28:41","slug":"viitorul-litoralului-romanesc-ce-planuri-are-ministrul-mediului-2","status":"publish","type":"post","link":"https:\/\/www.newsrecorder.ro\/app\/2026\/02\/25\/viitorul-litoralului-romanesc-ce-planuri-are-ministrul-mediului-2\/","title":{"rendered":"Viitorul litoralului rom\u00e2nesc: Ce planuri are ministrul Mediului?"},"content":{"rendered":"<p class=\"font-claude-response-body break-words whitespace-normal leading-[1.7]\">\u00centr-o recent\u0103 declara\u021bie, ministrul a dezv\u0103luit viziunea pentru viitorul turismului pe litoralul rom\u00e2nesc, subliniind c\u0103 N\u0103vodari va fi primul ora\u0219 care va beneficia de aceste schimb\u0103ri. O achizi\u021bie public\u0103 a fost deja demarat\u0103 pentru \u00eenchirierea terenurilor de plaj\u0103.<\/p>\n<p class=\"font-claude-response-body break-words whitespace-normal leading-[1.7]\">\u201eAm lansat aceast\u0103 achizi\u021bie specific\u00e2nd clar pe ce terenuri se poate construi un beach bar \u0219i care sunt dimensiunile permise\u201d, a afirmat Buzoianu.<\/p>\n<p class=\"font-claude-response-body break-words whitespace-normal leading-[1.7]\">\u00cen ceea ce prive\u0219te construc\u021biile ilegale, ministrul a men\u021bionat c\u0103 un raport al ministerului a identificat peste 4.000 de structuri suspecte pe litoral. Unele dintre acestea au fost deja demolate \u00een N\u0103vodari.<\/p>\n<p class=\"font-claude-response-body break-words whitespace-normal leading-[1.7]\">Referitor la aerisirea plajelor, Buzoianu a explicat c\u0103 noile caiete de sarcini introduc criterii stricte care \u00eempiedic\u0103 firmele s\u0103 c\u00e2\u0219tige licita\u021biile doar prin oferirea de \u0219ezlonguri \u201eca sardinele\u201d.<\/p>\n<p class=\"font-claude-response-body break-words whitespace-normal leading-[1.7]\">Aceste firme vor fi obligate s\u0103 propun\u0103 activit\u0103\u021bi culturale, creative sau digitale, sporind astfel atractivitatea plajelor.<\/p>\n<p class=\"font-claude-response-body break-words whitespace-normal leading-[1.7]\">De asemenea, ministrul a subliniat importan\u021ba accesibilit\u0103\u021bii, men\u021bion\u00e2nd c\u0103 au fost introduse criterii pentru persoanele cu dizabilit\u0103\u021bi, ceea ce reprezint\u0103 o premier\u0103 pe litoralul rom\u00e2nesc.<\/p>\n<p class=\"font-claude-response-body break-words whitespace-normal leading-[1.7]\">\u201eNu ne vom mai mul\u021bumi cu plaje pline de \u0219ezlonguri. Este esen\u021bial ca \u0219i cei care doresc s\u0103 \u00ee\u0219i \u00eentind\u0103 un prosop s\u0103 aib\u0103 suficient loc\u201d, a concluzionat Buzoianu.<\/p>\n","protected":false},"excerpt":{"rendered":"<p>\u00centr-o recent\u0103 declara\u021bie, ministrul a dezv\u0103luit viziunea pentru viitorul turismului pe litoralul rom\u00e2nesc, subliniind c\u0103 N\u0103vodari va fi primul ora\u0219 care va beneficia de aceste schimb\u0103ri. O achizi\u021bie public\u0103 a fost deja demarat\u0103 pentru \u00eenchirierea terenurilor de plaj\u0103. \u201eAm lansat aceast\u0103 achizi\u021bie specific\u00e2nd clar pe ce terenuri se poate construi un beach bar \u0219i care [&hellip;]<\/p>\n","protected":false},"author":2,"featured_media":5230,"comment_status":"open","ping_status":"open","sticky":false,"template":"","format":"standard","meta":{"jnews-multi-image_gallery":[],"jnews_single_post":[],"jnews_primary_category":[],"jnews_override_counter":[],"footnotes":""},"categories":[42],"tags":[7911,7914,7915,6949,7913,1930,7910,386],"class_list":["post-5229","post","type-post","status-publish","format-standard","has-post-thumbnail","hentry","category-politica","tag-achizitie-publica","tag-activitati-culturale","tag-atractivitate","tag-constructii-ilegale","tag-litoral","tag-navodari","tag-plaja","tag-turism"],"_links":{"self":[{"href":"https:\/\/www.newsrecorder.ro\/app\/wp-json\/wp\/v2\/posts\/5229","targetHints":{"allow":["GET"]}}],"collection":[{"href":"https:\/\/www.newsrecorder.ro\/app\/wp-json\/wp\/v2\/posts"}],"about":[{"href":"https:\/\/www.newsrecorder.ro\/app\/wp-json\/wp\/v2\/types\/post"}],"author":[{"embeddable":true,"href":"https:\/\/www.newsrecorder.ro\/app\/wp-json\/wp\/v2\/users\/2"}],"replies":[{"embeddable":true,"href":"https:\/\/www.newsrecorder.ro\/app\/wp-json\/wp\/v2\/comments?post=5229"}],"version-history":[{"count":0,"href":"https:\/\/www.newsrecorder.ro\/app\/wp-json\/wp\/v2\/posts\/5229\/revisions"}],"wp:featuredmedia":[{"embeddable":true,"href":"https:\/\/www.newsrecorder.ro\/app\/wp-json\/wp\/v2\/media\/5230"}],"wp:attachment":[{"href":"https:\/\/www.newsrecorder.ro\/app\/wp-json\/wp\/v2\/media?parent=5229"}],"wp:term":[{"taxonomy":"category","embeddable":true,"href":"https:\/\/www.newsrecorder.ro\/app\/wp-json\/wp\/v2\/categories?post=5229"},{"taxonomy":"post_tag","embeddable":true,"href":"https:\/\/www.newsrecorder.ro\/app\/wp-json\/wp\/v2\/tags?post=5229"}],"curies":[{"name":"wp","href":"https:\/\/api.w.org\/{rel}","templated":true}]}}