{"id":5233,"date":"2026-02-25T22:28:58","date_gmt":"2026-02-25T22:28:58","guid":{"rendered":"https:\/\/www.newsrecorder.ro\/app\/2026\/02\/25\/romsilva-pe-cale-de-reorganizare-coalitia-da-unda-verde\/"},"modified":"2026-02-25T22:28:58","modified_gmt":"2026-02-25T22:28:58","slug":"romsilva-pe-cale-de-reorganizare-coalitia-da-unda-verde","status":"publish","type":"post","link":"https:\/\/www.newsrecorder.ro\/app\/2026\/02\/25\/romsilva-pe-cale-de-reorganizare-coalitia-da-unda-verde\/","title":{"rendered":"Romsilva pe cale de reorganizare: Coali\u021bia d\u0103 und\u0103 verde!"},"content":{"rendered":"<p>Ministrul Mediului a anun\u021bat, \u00eentr-un interviu la Digi24, c\u0103 se afl\u0103 \u201ela un pas\u201d de finalizarea hot\u0103r\u00e2rii de guvern care va reorganiza institu\u021bia silvic\u0103. Conform acordului \u00eentre toate partidele din coali\u021bie, aceast\u0103 reorganizare va reduce num\u0103rul direc\u021biilor regionale de la 41 la 19.<\/p>\n<p>Noua hot\u0103r\u00e2re va introduce criterii de performan\u021b\u0103 \u0219i va organiza concursuri pentru ocuparea func\u021biilor de conducere. \u201eDirectorii direc\u021biilor silvice regionale vor trebui s\u0103 sus\u021bin\u0103 un concurs. Candidatul c\u00e2\u0219tig\u0103tor va semna un contract de munc\u0103, care va fi, de fapt, un contract de mandat. Este important de men\u021bionat c\u0103 acest contract poate fi prelungit pentru o perioad\u0103 de maximum 5 ani. Dac\u0103 directorul c\u00e2\u0219tig\u0103 din nou postul la concurs, nu va mai putea beneficia de o nou\u0103 prelungire de 5 ani\u201d, a explicat Buzoianu.<\/p>\n<p>Ministrul a criticat actuala situa\u021bie din cadrul institu\u021biei, men\u021bion\u00e2nd c\u0103 \u201eexist\u0103 directori silvici care ocup\u0103 func\u021bii de 20-30 de ani, pe contracte de munc\u0103 pe termen nedeterminat, f\u0103r\u0103 a aduce contribu\u021bii semnificative. Mai grav, unii dintre ace\u0219tia au \u00eentors privirea la ilegalit\u0103\u021bi \u0219i la t\u0103ierile ilegale de arbori\u201d. \u00cen urma concursurilor, directorii vor semna contracte de mandat care vor include criterii de performan\u021b\u0103. Aceste criterii vor fi evaluate anual, iar \u00een cazul \u00een care nu sunt \u00eendeplinite, contractul nu va mai putea fi re\u00eennoit.<\/p>\n<p>C\u00e2nd a fost \u00eentrebat\u0103 despre existen\u021ba unui acord politic pentru reform\u0103, Buzoianu a confirmat: \u201eDa, \u00een acest moment exist\u0103. Toate partidele au declarat c\u0103 sus\u021bin acest acord\u201d.<\/p>\n<p>Un alt obiectiv central al reorganiz\u0103rii este depolitizarea institu\u021biei, pe care ministrul a descris-o ca fiind \u201eprofund politizat\u0103\u201d, o realitate pe care nimeni nu o poate contesta. \u201eDorim s\u0103 organiz\u0103m concursuri pentru toate cele 19 direc\u021bii silvice care vor fi \u00eenfiin\u021bate, pentru a putea realiza, \u00een sf\u00e2r\u0219it, o cur\u0103\u021benie \u00een aceast\u0103 institu\u021bie\u201d, a ad\u0103ugat ministrul Mediului.<\/p>\n","protected":false},"excerpt":{"rendered":"<p>Ministrul Mediului a anun\u021bat, \u00eentr-un interviu la Digi24, c\u0103 se afl\u0103 \u201ela un pas\u201d de finalizarea hot\u0103r\u00e2rii de guvern care va reorganiza institu\u021bia silvic\u0103. Conform acordului \u00eentre toate partidele din coali\u021bie, aceast\u0103 reorganizare va reduce num\u0103rul direc\u021biilor regionale de la 41 la 19. Noua hot\u0103r\u00e2re va introduce criterii de performan\u021b\u0103 \u0219i va organiza concursuri pentru [&hellip;]<\/p>\n","protected":false},"author":2,"featured_media":5234,"comment_status":"open","ping_status":"open","sticky":false,"template":"","format":"standard","meta":{"jnews-multi-image_gallery":[],"jnews_single_post":[],"jnews_primary_category":[],"jnews_override_counter":[],"footnotes":""},"categories":[42],"tags":[7926,7924,7920,7919,7923,7925,7921,7922],"class_list":["post-5233","post","type-post","status-publish","format-standard","has-post-thumbnail","hentry","category-politica","tag-coalitie-politica","tag-concursuri-ocupare-functii","tag-contract-de-munca","tag-criterii-de-performanta","tag-directii-regionale","tag-directorii-silvici","tag-ministrul-mediului","tag-reorganizare-institutie-silvica"],"_links":{"self":[{"href":"https:\/\/www.newsrecorder.ro\/app\/wp-json\/wp\/v2\/posts\/5233","targetHints":{"allow":["GET"]}}],"collection":[{"href":"https:\/\/www.newsrecorder.ro\/app\/wp-json\/wp\/v2\/posts"}],"about":[{"href":"https:\/\/www.newsrecorder.ro\/app\/wp-json\/wp\/v2\/types\/post"}],"author":[{"embeddable":true,"href":"https:\/\/www.newsrecorder.ro\/app\/wp-json\/wp\/v2\/users\/2"}],"replies":[{"embeddable":true,"href":"https:\/\/www.newsrecorder.ro\/app\/wp-json\/wp\/v2\/comments?post=5233"}],"version-history":[{"count":0,"href":"https:\/\/www.newsrecorder.ro\/app\/wp-json\/wp\/v2\/posts\/5233\/revisions"}],"wp:featuredmedia":[{"embeddable":true,"href":"https:\/\/www.newsrecorder.ro\/app\/wp-json\/wp\/v2\/media\/5234"}],"wp:attachment":[{"href":"https:\/\/www.newsrecorder.ro\/app\/wp-json\/wp\/v2\/media?parent=5233"}],"wp:term":[{"taxonomy":"category","embeddable":true,"href":"https:\/\/www.newsrecorder.ro\/app\/wp-json\/wp\/v2\/categories?post=5233"},{"taxonomy":"post_tag","embeddable":true,"href":"https:\/\/www.newsrecorder.ro\/app\/wp-json\/wp\/v2\/tags?post=5233"}],"curies":[{"name":"wp","href":"https:\/\/api.w.org\/{rel}","templated":true}]}}