{"id":5245,"date":"2026-02-25T22:30:12","date_gmt":"2026-02-25T22:30:12","guid":{"rendered":"https:\/\/www.newsrecorder.ro\/app\/2026\/02\/25\/grindeanu-discuta-viitorul-psd-bolojan-si-soarta-usr-in-executiv\/"},"modified":"2026-02-25T22:30:12","modified_gmt":"2026-02-25T22:30:12","slug":"grindeanu-discuta-viitorul-psd-bolojan-si-soarta-usr-in-executiv","status":"publish","type":"post","link":"https:\/\/www.newsrecorder.ro\/app\/2026\/02\/25\/grindeanu-discuta-viitorul-psd-bolojan-si-soarta-usr-in-executiv\/","title":{"rendered":"Grindeanu discut\u0103 viitorul: PSD, Bolojan \u0219i soarta USR \u00een Executiv!"},"content":{"rendered":"<p>Decizia de a organiza un vot intern \u00een PSD va determina viitorul coali\u021biei cu USR, a declarat Sorin Grindeanu \u00eentr-un interviu acordat <a href=\"https:\/\/www.g4media.ro\/exclusiv-interviu-sorin-grindeanu-arunca-in-aer-acordul-coalitiei-de-guvernare-dupa-8-luni-vom-extinde-consultarea-interna-in-psd-daca-sa-mergem-inainte-cu-ilie-bolojan-sau-alt-premier-pnl-si-daca-us.html\" target=\"_blank\" rel=\"noopener\">G4Media<\/a>.<\/p>\n<p>Acest anun\u021b vine la doar opt luni de la constituirea coali\u021biei de guvernare format\u0103 din PSD, PNL, USR \u0219i UDMR, condus\u0103 de premierul Ilie Bolojan. De asemenea, se face cu c\u00e2teva zile \u00eenainte ca Bolojan s\u0103 prezinte \u00een cadrul coali\u021biei proiectul de buget pentru anul 2026 \u0219i reformele destinate pensiilor militarilor, poli\u021bi\u0219tilor \u0219i angaja\u021bilor din serviciile de informa\u021bii.<\/p>\n<p>\u201ePropun colegilor din PSD s\u0103 extindem consultarea intern\u0103. \u00centrebarea pe care o pun este simpl\u0103: DA sau NU, \u00een contextul func\u021bion\u0103rii actuale a coali\u021biei, ar trebui s\u0103 p\u0103str\u0103m aceast\u0103 structur\u0103 sau s\u0103 opt\u0103m pentru o variant\u0103 mai restr\u00e2ns\u0103 f\u0103r\u0103 USR? De asemenea, trebuie s\u0103 decidem dac\u0103 continu\u0103m cu prim-ministrul Ilie Bolojan. Protocolul poate r\u0103m\u00e2ne acela\u0219i, dar cu un alt premier desemnat de PNL\u201d, a afirmat Sorin Grindeanu \u00een interviul acordat <a href=\"https:\/\/www.g4media.ro\/exclusiv-interviu-sorin-grindeanu-arunca-in-aer-acordul-coalitiei-de-guvernare-dupa-8-luni-vom-extinde-consultarea-interna-in-psd-daca-sa-mergem-inainte-cu-ilie-bolojan-sau-alt-premier-pnl-si-daca-us.html\" target=\"_blank\" rel=\"noopener\">G4Media<\/a>.<\/p>\n<p>Atunci c\u00e2nd a fost \u00eentrebat dac\u0103 acest demers \u00eenseamn\u0103 o revizuire a acordului de coali\u021bie, Grindeanu a confirmat: \u201eEvident. Nu putem r\u0103m\u00e2ne la guvernare doar pentru c\u0103 atunci c\u00e2nd am decis formarea acestei coali\u021bii am crezut c\u0103 lucrurile vor evolua diferit fa\u021b\u0103 de realitatea din ultimele cinci luni. Prefer s\u0103 fiu sincer cu rom\u00e2nii \u0219i s\u0103 recunosc c\u0103 ceea ce am sperat \u00een iunie 2025 s-a dovedit a fi o iluzie. Acest protocol nu poate continua \u00een forma actual\u0103 dec\u00e2t dac\u0103 ne adapt\u0103m la un parteneriat care func\u021bioneaz\u0103 cu dificultate. Cred c\u0103 este esen\u021bial s\u0103 discut\u0103m transparent. A\u0219a c\u0103 am spus c\u0103, odat\u0103 cu bugetul, vom organiza sesiuni de informare pentru colegii de partid, astfel \u00eenc\u00e2t deciziile s\u0103 fie luate cu o \u00een\u021belegere clar\u0103 a contextului.\u201d<\/p>\n<p>\u00centrebat insistent de jurnali\u0219tii de la G4Media despre motivele acestei decizii, Sorin Grindeanu a men\u021bionat ne\u00een\u021belegerile din cadrul coali\u021biei \u0219i criticile aduse de membrii PSD la adresa USR, care, conform acestuia, \u201ea desf\u0103\u0219urat o campanie cu pl\u0103cu\u021ba suedez\u0103 \u00eempotriva PSD\u201d. De asemenea, el a subliniat c\u0103 PSD este singurul partid de st\u00e2nga din coali\u021bie. \u201e\u00cen primele luni, dialogul a fost absent, chiar de la \u00eenceputul Pachetului 1. Trebuie s\u0103 analizez bugetul, iar propunerile PSD trebuie s\u0103 fie incluse\u201d, a ad\u0103ugat Grindeanu.<\/p>\n","protected":false},"excerpt":{"rendered":"<p>Decizia de a organiza un vot intern \u00een PSD va determina viitorul coali\u021biei cu USR, a declarat Sorin Grindeanu \u00eentr-un interviu acordat G4Media. Acest anun\u021b vine la doar opt luni de la constituirea coali\u021biei de guvernare format\u0103 din PSD, PNL, USR \u0219i UDMR, condus\u0103 de premierul Ilie Bolojan. De asemenea, se face cu c\u00e2teva zile [&hellip;]<\/p>\n","protected":false},"author":2,"featured_media":5246,"comment_status":"open","ping_status":"open","sticky":false,"template":"","format":"standard","meta":{"jnews-multi-image_gallery":[],"jnews_single_post":[],"jnews_primary_category":[],"jnews_override_counter":[],"footnotes":""},"categories":[42],"tags":[1068,636,7942,302,300,1057,2823,7941],"class_list":["post-5245","post","type-post","status-publish","format-standard","has-post-thumbnail","hentry","category-politica","tag-buget","tag-coalitie","tag-consultare-interna","tag-ilie-bolojan","tag-psd","tag-reforme","tag-usr","tag-vot-intern"],"_links":{"self":[{"href":"https:\/\/www.newsrecorder.ro\/app\/wp-json\/wp\/v2\/posts\/5245","targetHints":{"allow":["GET"]}}],"collection":[{"href":"https:\/\/www.newsrecorder.ro\/app\/wp-json\/wp\/v2\/posts"}],"about":[{"href":"https:\/\/www.newsrecorder.ro\/app\/wp-json\/wp\/v2\/types\/post"}],"author":[{"embeddable":true,"href":"https:\/\/www.newsrecorder.ro\/app\/wp-json\/wp\/v2\/users\/2"}],"replies":[{"embeddable":true,"href":"https:\/\/www.newsrecorder.ro\/app\/wp-json\/wp\/v2\/comments?post=5245"}],"version-history":[{"count":0,"href":"https:\/\/www.newsrecorder.ro\/app\/wp-json\/wp\/v2\/posts\/5245\/revisions"}],"wp:featuredmedia":[{"embeddable":true,"href":"https:\/\/www.newsrecorder.ro\/app\/wp-json\/wp\/v2\/media\/5246"}],"wp:attachment":[{"href":"https:\/\/www.newsrecorder.ro\/app\/wp-json\/wp\/v2\/media?parent=5245"}],"wp:term":[{"taxonomy":"category","embeddable":true,"href":"https:\/\/www.newsrecorder.ro\/app\/wp-json\/wp\/v2\/categories?post=5245"},{"taxonomy":"post_tag","embeddable":true,"href":"https:\/\/www.newsrecorder.ro\/app\/wp-json\/wp\/v2\/tags?post=5245"}],"curies":[{"name":"wp","href":"https:\/\/api.w.org\/{rel}","templated":true}]}}