{"id":525,"date":"2026-01-23T21:48:22","date_gmt":"2026-01-23T21:48:22","guid":{"rendered":"https:\/\/www.newsrecorder.ro\/app\/2026\/01\/23\/descoperiri-socante-linia-feroviara-din-spania-era-crapata-inainte-de-tragedie\/"},"modified":"2026-01-23T21:48:22","modified_gmt":"2026-01-23T21:48:22","slug":"descoperiri-socante-linia-feroviara-din-spania-era-crapata-inainte-de-tragedie","status":"publish","type":"post","link":"https:\/\/www.newsrecorder.ro\/app\/2026\/01\/23\/descoperiri-socante-linia-feroviara-din-spania-era-crapata-inainte-de-tragedie\/","title":{"rendered":"Descoperiri \u0219ocante: Linia feroviar\u0103 din Spania era cr\u0103pat\u0103 \u00eenainte de tragedie!"},"content":{"rendered":"<p>Investiga\u021bia referitoare la coliziunea fatal\u0103 dintre dou\u0103 trenuri din sudul Spaniei, care a condus la moartea a 45 de persoane, se concentreaz\u0103 pe o posibil\u0103 defec\u021biune a \u0219inei, mai precis la o sudur\u0103 care a avut loc chiar \u00eenainte de tragedie, conform unui raport publicat de <a href=\"https:\/\/www.lefigaro.fr\/international\/accident-de-train-en-espagne-la-voie-ferree-etait-fissuree-avant-l-accident-selon-un-rapport-20260123\" target=\"_blank\" rel=\"noopener\">Le Figaro<\/a>.<\/p>\n<p>Incidentul a avut loc c\u00e2nd ultimele trei vagoane ale trenului care f\u0103cea leg\u0103tura \u00eentre Malaga \u0219i Madrid au deraiat, deviat pe o linie al\u0103turat\u0103 exact \u00een momentul \u00een care un alt tren se apropia din direc\u021bia opus\u0103, gener\u00e2nd o coliziune devastatoare la o vitez\u0103 de peste 200 km\/h.<\/p>\n<p>Primul tren implicat \u00een accident apar\u021bine operatorului Iryo, o companie majoritar de\u021binut\u0103 de grupul italian Trenitalia, \u00een timp ce cel de-al doilea apar\u021bine Renfe, operatorul feroviar de stat din Spania. Conform raportului preliminar al anchetei, dat publicit\u0103\u021bii vineri, s-au identificat \u201et\u0103ieturi\u201d pe ro\u021bile vagoanelor Iryo care nu au deraiat, ceea ce poate indica o problem\u0103 grav\u0103.<\/p>\n<p>\u201eAceste t\u0103ieturi la ro\u021bi, \u00eempreun\u0103 cu deformarea observat\u0103 pe \u0219in\u0103, sugereaz\u0103 c\u0103 linia ferat\u0103 era fracturat\u0103\u201d, a declarat Comisia de Investigare a Accidentelor Feroviare (CIAF), o autoritate oficial\u0103 subordonat\u0103 Ministerului Transporturilor. \u201ePe baza informa\u021biilor disponibile \u00een acest stadiu, formul\u0103m ipoteza c\u0103 ruptura de \u0219in\u0103 s-a produs \u00eenainte de trecerea trenului Iryo implicat \u00een accident \u0219i, prin urmare, \u00eenainte de deraierea acestuia\u201d, au ad\u0103ugat anchetatorii.<\/p>\n<p>Este important de men\u021bionat c\u0103 aceast\u0103 ipotez\u0103 este considerat\u0103 o \u201eipotez\u0103 de lucru\u201d, care \u201eva trebui s\u0103 fie confirmat\u0103 prin calcule \u0219i analize detaliate suplimentare\u201d. \u201e\u00cen ceea ce prive\u0219te cauzele rupturii de \u0219in\u0103, nicio ipotez\u0103 nu este exclus\u0103\u201d, subliniaz\u0103 comisia.<\/p>\n<p>De asemenea, anchetatorii au descoperit c\u0103 t\u0103ieturi similare au fost identificate pe ro\u021bile altor trei trenuri care au circulat prin aceea\u0219i zon\u0103 cu pu\u021bin timp \u00eenainte de accident. Ace\u0219tia suspecteaz\u0103 c\u0103 ruptura de cale ferat\u0103 ar fi avut loc la o sudur\u0103 \u00eentre dou\u0103 sec\u021biuni ale \u0219inei.<\/p>\n","protected":false},"excerpt":{"rendered":"<p>Investiga\u021bia referitoare la coliziunea fatal\u0103 dintre dou\u0103 trenuri din sudul Spaniei, care a condus la moartea a 45 de persoane, se concentreaz\u0103 pe o posibil\u0103 defec\u021biune a \u0219inei, mai precis la o sudur\u0103 care a avut loc chiar \u00eenainte de tragedie, conform unui raport publicat de Le Figaro. Incidentul a avut loc c\u00e2nd ultimele trei [&hellip;]<\/p>\n","protected":false},"author":2,"featured_media":526,"comment_status":"open","ping_status":"open","sticky":false,"template":"","format":"standard","meta":{"jnews-multi-image_gallery":[],"jnews_single_post":[],"jnews_primary_category":[],"jnews_override_counter":[],"footnotes":""},"categories":[39],"tags":[820,817,815,816,818,819,703,814],"class_list":["post-525","post","type-post","status-publish","format-standard","has-post-thumbnail","hentry","category-stirile-zilei","tag-accidente-feroviare","tag-ancheta","tag-coliziune","tag-defectiune","tag-iryo","tag-renfe","tag-spania","tag-trenuri"],"_links":{"self":[{"href":"https:\/\/www.newsrecorder.ro\/app\/wp-json\/wp\/v2\/posts\/525","targetHints":{"allow":["GET"]}}],"collection":[{"href":"https:\/\/www.newsrecorder.ro\/app\/wp-json\/wp\/v2\/posts"}],"about":[{"href":"https:\/\/www.newsrecorder.ro\/app\/wp-json\/wp\/v2\/types\/post"}],"author":[{"embeddable":true,"href":"https:\/\/www.newsrecorder.ro\/app\/wp-json\/wp\/v2\/users\/2"}],"replies":[{"embeddable":true,"href":"https:\/\/www.newsrecorder.ro\/app\/wp-json\/wp\/v2\/comments?post=525"}],"version-history":[{"count":0,"href":"https:\/\/www.newsrecorder.ro\/app\/wp-json\/wp\/v2\/posts\/525\/revisions"}],"wp:featuredmedia":[{"embeddable":true,"href":"https:\/\/www.newsrecorder.ro\/app\/wp-json\/wp\/v2\/media\/526"}],"wp:attachment":[{"href":"https:\/\/www.newsrecorder.ro\/app\/wp-json\/wp\/v2\/media?parent=525"}],"wp:term":[{"taxonomy":"category","embeddable":true,"href":"https:\/\/www.newsrecorder.ro\/app\/wp-json\/wp\/v2\/categories?post=525"},{"taxonomy":"post_tag","embeddable":true,"href":"https:\/\/www.newsrecorder.ro\/app\/wp-json\/wp\/v2\/tags?post=525"}],"curies":[{"name":"wp","href":"https:\/\/api.w.org\/{rel}","templated":true}]}}