{"id":527,"date":"2026-01-23T21:48:42","date_gmt":"2026-01-23T21:48:42","guid":{"rendered":"https:\/\/www.newsrecorder.ro\/app\/2026\/01\/23\/acuzatii-de-militarizare-in-politia-bucuresti-sindicatul-europol-reactioneaza\/"},"modified":"2026-01-23T21:48:42","modified_gmt":"2026-01-23T21:48:42","slug":"acuzatii-de-militarizare-in-politia-bucuresti-sindicatul-europol-reactioneaza","status":"publish","type":"post","link":"https:\/\/www.newsrecorder.ro\/app\/2026\/01\/23\/acuzatii-de-militarizare-in-politia-bucuresti-sindicatul-europol-reactioneaza\/","title":{"rendered":"Acuzatii de &#8222;militarizare&#8221; \u00een Poli\u021bia Bucure\u0219ti: Sindicatul Europol reac\u021bioneaz\u0103!"},"content":{"rendered":"<p>Sindicali\u0219tii de la Europol au adus acuza\u021bii grave \u00eempotriva \u0219efului sec\u021biei din subordinea Poli\u021biei Capitalei, sus\u021bin\u00e2nd c\u0103 acesta \u201epare s\u0103 confunde locul de munc\u0103 cu o unitate militar\u0103\u201d, ignor\u00e2nd astfel demilitarizarea oficial\u0103 a poli\u021biei din anul 2002.<\/p>\n<p>Concret, Europol \u00eel acuz\u0103 pe liderul acestei sec\u021bii c\u0103, \u00een \u00eencercarea de a-\u0219i demonstra abilit\u0103\u021bile manageriale, a informat poli\u021bi\u0219tii din subordine c\u0103, \u00een timpul liber, deplas\u0103rile lor \u00een \u021bar\u0103 sau \u00een str\u0103in\u0103tate sunt permise doar \u00een condi\u021bii specifice.<\/p>\n<p>\u00cen r\u0103spunsul s\u0103u, Poli\u021bia Capitalei a emis un comunicat de pres\u0103 \u00een care subliniaz\u0103 c\u0103 nu exist\u0103 nicio obliga\u021bie ilegal\u0103 \u0219i c\u0103 dreptul la liber\u0103 circula\u021bie al poli\u021bi\u0219tilor nu a fost afectat.<\/p>\n<p>\u201e\u00cen urma afirma\u021biilor ap\u0103rute \u00een spa\u021biul public din partea unei organiza\u021bii sindicale, referitoare la a\u0219a-zisa \u201emilitarizare\u201d a activit\u0103\u021bii de la Sec\u021bia 21 Poli\u021bie, dorim s\u0103 facem urm\u0103toarele clarific\u0103ri pentru o informare corect\u0103 \u0219i complet\u0103 a opiniei publice:<\/p>\n<p>\u00cen primul r\u00e2nd, nu a fost instituit\u0103 nicio obliga\u021bie ilegal\u0103 \u0219i dreptul la liber\u0103 circula\u021bie al poli\u021bi\u0219tilor nu a fost \u00eenc\u0103lcat\u201d, se arat\u0103 \u00een comunicatul poli\u021biei.<\/p>\n<p>Argumentele Poli\u021biei Capitalei se bazeaz\u0103 pe un articol din Regulamentul de Ordine Interioar\u0103, care prevede c\u0103, \u00een cazul \u00een care personalul D.G.P.M.B. p\u0103r\u0103se\u0219te unitatea administrativ-teritorial\u0103 unde are domiciliul sau re\u0219edin\u021ba, acest aspect trebuie consemnat \u00eentr-un registru special. \u0218eful structurii este astfel informat, pentru a asigura managementul eficient al situa\u021biilor deosebite, conform ordinului ministrului afacerilor interne privind cre\u0219terea capacit\u0103\u021bii opera\u021bionale.<\/p>\n<p>Reprezentan\u021bii Poli\u021biei Municipiului Bucure\u0219ti consider\u0103 c\u0103 acuza\u021biile aduse de Sindicatul Europol sunt menite s\u0103 induc\u0103 \u00een eroare at\u00e2t poli\u021bi\u0219tii, c\u00e2t \u0219i opinia public\u0103. \u201eConsider\u0103m c\u0103 abord\u0103rile publice bazate pe interpret\u0103ri trunchiate sau pe o prezentare incomplet\u0103 a cadrului normativ nu fac dec\u00e2t s\u0103 creeze confuzie \u0219i s\u0103 alimenteze conflicte inexistente\u201d, a subliniat Poli\u021bia Capitalei.<\/p>\n<p>\u00cen final, conducerea Sec\u021biei 21 Poli\u021bie reafirm\u0103 c\u0103 activitatea sa se desf\u0103\u0219oar\u0103 \u00een strict\u0103 conformitate cu cadrul legal, respect\u00e2nd drepturile personalului \u0219i principiile fundamentale ale Poli\u021biei Rom\u00e2ne, o institu\u021bie civil\u0103 \u0219i demilitarizat\u0103.<\/p>\n","protected":false},"excerpt":{"rendered":"<p>Sindicali\u0219tii de la Europol au adus acuza\u021bii grave \u00eempotriva \u0219efului sec\u021biei din subordinea Poli\u021biei Capitalei, sus\u021bin\u00e2nd c\u0103 acesta \u201epare s\u0103 confunde locul de munc\u0103 cu o unitate militar\u0103\u201d, ignor\u00e2nd astfel demilitarizarea oficial\u0103 a poli\u021biei din anul 2002. Concret, Europol \u00eel acuz\u0103 pe liderul acestei sec\u021bii c\u0103, \u00een \u00eencercarea de a-\u0219i demonstra abilit\u0103\u021bile manageriale, a informat [&hellip;]<\/p>\n","protected":false},"author":2,"featured_media":528,"comment_status":"open","ping_status":"open","sticky":false,"template":"","format":"standard","meta":{"jnews-multi-image_gallery":[],"jnews_single_post":[],"jnews_primary_category":[],"jnews_override_counter":[],"footnotes":""},"categories":[39],"tags":[643,824,821,825,826,823,822,539],"class_list":["post-527","post","type-post","status-publish","format-standard","has-post-thumbnail","hentry","category-stirile-zilei","tag-acuzatii","tag-drepturi","tag-europol","tag-libera-circulatie","tag-management","tag-militarizare","tag-politia-capitalei","tag-sindicalisti"],"_links":{"self":[{"href":"https:\/\/www.newsrecorder.ro\/app\/wp-json\/wp\/v2\/posts\/527","targetHints":{"allow":["GET"]}}],"collection":[{"href":"https:\/\/www.newsrecorder.ro\/app\/wp-json\/wp\/v2\/posts"}],"about":[{"href":"https:\/\/www.newsrecorder.ro\/app\/wp-json\/wp\/v2\/types\/post"}],"author":[{"embeddable":true,"href":"https:\/\/www.newsrecorder.ro\/app\/wp-json\/wp\/v2\/users\/2"}],"replies":[{"embeddable":true,"href":"https:\/\/www.newsrecorder.ro\/app\/wp-json\/wp\/v2\/comments?post=527"}],"version-history":[{"count":0,"href":"https:\/\/www.newsrecorder.ro\/app\/wp-json\/wp\/v2\/posts\/527\/revisions"}],"wp:featuredmedia":[{"embeddable":true,"href":"https:\/\/www.newsrecorder.ro\/app\/wp-json\/wp\/v2\/media\/528"}],"wp:attachment":[{"href":"https:\/\/www.newsrecorder.ro\/app\/wp-json\/wp\/v2\/media?parent=527"}],"wp:term":[{"taxonomy":"category","embeddable":true,"href":"https:\/\/www.newsrecorder.ro\/app\/wp-json\/wp\/v2\/categories?post=527"},{"taxonomy":"post_tag","embeddable":true,"href":"https:\/\/www.newsrecorder.ro\/app\/wp-json\/wp\/v2\/tags?post=527"}],"curies":[{"name":"wp","href":"https:\/\/api.w.org\/{rel}","templated":true}]}}