{"id":531,"date":"2026-01-23T21:49:11","date_gmt":"2026-01-23T21:49:11","guid":{"rendered":"https:\/\/www.newsrecorder.ro\/app\/2026\/01\/23\/cristian-chivu-purtator-al-tortei-olimpice-la-milano-cortina-2026\/"},"modified":"2026-01-23T21:49:11","modified_gmt":"2026-01-23T21:49:11","slug":"cristian-chivu-purtator-al-tortei-olimpice-la-milano-cortina-2026","status":"publish","type":"post","link":"https:\/\/www.newsrecorder.ro\/app\/2026\/01\/23\/cristian-chivu-purtator-al-tortei-olimpice-la-milano-cortina-2026\/","title":{"rendered":"Cristian Chivu, purt\u0103tor al tor\u021bei olimpice la Milano Cortina 2026!"},"content":{"rendered":"<p>Vineri seara, pe platforma Instagram, reprezentan\u021bii Jocurilor Olimpice de Iarn\u0103 Milano Cortina 2026 au f\u0103cut un anun\u021b entuziasmant: Cristian Chivu, antrenorul echipei Inter Milano, a fost desemnat oficial purt\u0103tor al tor\u021bei olimpice pentru acest eveniment prestigios.<\/p>\n<p>\u00censo\u021bit de o fotografie reprezentativ\u0103, anun\u021bul subliniaz\u0103 importan\u021ba momentului pentru Chivu \u0219i pentru comunitatea fotbalistic\u0103. De asemenea, echipa de fotbal Inter Milano, pe care Chivu o antreneaz\u0103, a confirmat aceast\u0103 veste \u0219i pe pagina sa oficial\u0103 de Facebook, scriind: \u201eCristian Chivu va duce tor\u021ba olimpic\u0103. Antrenorul nostru nerazzurro este oficial Tedoforo de la Milano Cortina 2026!\u201d<\/p>\n<p>Jocurile Olimpice de Iarn\u0103 Milano Cortina se vor desf\u0103\u0219ura \u00eentre 6 \u0219i 22 februarie 2026, aduc\u00e2nd \u00eempreun\u0103 sportivi din \u00eentreaga lume pentru a concura \u00een diverse discipline.<\/p>\n<p>\u00cen v\u00e2rst\u0103 de 44 de ani, Cristian Chivu a semnat un contract cu Inter Milano \u00een vara anului 2025, valabil pentru dou\u0103 sezoane, p\u00e2n\u0103 \u00een vara anului 2027, continu\u00e2nd astfel s\u0103 contribuie la succesul echipei sale. Aceast\u0103 nou\u0103 distinc\u021bie ca purt\u0103tor al tor\u021bei olimpice subliniaz\u0103 nu doar realiz\u0103rile sale ca antrenor, ci \u0219i impactul s\u0103u \u00een sportul rom\u00e2nesc \u0219i interna\u021bional.<\/p>\n","protected":false},"excerpt":{"rendered":"<p>Vineri seara, pe platforma Instagram, reprezentan\u021bii Jocurilor Olimpice de Iarn\u0103 Milano Cortina 2026 au f\u0103cut un anun\u021b entuziasmant: Cristian Chivu, antrenorul echipei Inter Milano, a fost desemnat oficial purt\u0103tor al tor\u021bei olimpice pentru acest eveniment prestigios. \u00censo\u021bit de o fotografie reprezentativ\u0103, anun\u021bul subliniaz\u0103 importan\u021ba momentului pentru Chivu \u0219i pentru comunitatea fotbalistic\u0103. De asemenea, echipa de [&hellip;]<\/p>\n","protected":false},"author":2,"featured_media":532,"comment_status":"open","ping_status":"open","sticky":false,"template":"","format":"standard","meta":{"jnews-multi-image_gallery":[],"jnews_single_post":[],"jnews_primary_category":[],"jnews_override_counter":[],"footnotes":""},"categories":[39],"tags":[838,840,835,837,833,834,839,836],"class_list":["post-531","post","type-post","status-publish","format-standard","has-post-thumbnail","hentry","category-stirile-zilei","tag-antrenor","tag-comunitatea-fotbalistica","tag-cristian-chivu","tag-inter-milano","tag-jocurile-olimpice","tag-milano-cortina-2026","tag-sportivi","tag-torta-olimpica"],"_links":{"self":[{"href":"https:\/\/www.newsrecorder.ro\/app\/wp-json\/wp\/v2\/posts\/531","targetHints":{"allow":["GET"]}}],"collection":[{"href":"https:\/\/www.newsrecorder.ro\/app\/wp-json\/wp\/v2\/posts"}],"about":[{"href":"https:\/\/www.newsrecorder.ro\/app\/wp-json\/wp\/v2\/types\/post"}],"author":[{"embeddable":true,"href":"https:\/\/www.newsrecorder.ro\/app\/wp-json\/wp\/v2\/users\/2"}],"replies":[{"embeddable":true,"href":"https:\/\/www.newsrecorder.ro\/app\/wp-json\/wp\/v2\/comments?post=531"}],"version-history":[{"count":0,"href":"https:\/\/www.newsrecorder.ro\/app\/wp-json\/wp\/v2\/posts\/531\/revisions"}],"wp:featuredmedia":[{"embeddable":true,"href":"https:\/\/www.newsrecorder.ro\/app\/wp-json\/wp\/v2\/media\/532"}],"wp:attachment":[{"href":"https:\/\/www.newsrecorder.ro\/app\/wp-json\/wp\/v2\/media?parent=531"}],"wp:term":[{"taxonomy":"category","embeddable":true,"href":"https:\/\/www.newsrecorder.ro\/app\/wp-json\/wp\/v2\/categories?post=531"},{"taxonomy":"post_tag","embeddable":true,"href":"https:\/\/www.newsrecorder.ro\/app\/wp-json\/wp\/v2\/tags?post=531"}],"curies":[{"name":"wp","href":"https:\/\/api.w.org\/{rel}","templated":true}]}}