{"id":5321,"date":"2026-02-26T10:46:45","date_gmt":"2026-02-26T10:46:45","guid":{"rendered":"https:\/\/www.newsrecorder.ro\/app\/2026\/02\/26\/nicusor-dan-in-fata-executarii-silite-pentru-un-teren-din-predeal\/"},"modified":"2026-02-26T10:46:45","modified_gmt":"2026-02-26T10:46:45","slug":"nicusor-dan-in-fata-executarii-silite-pentru-un-teren-din-predeal","status":"publish","type":"post","link":"https:\/\/www.newsrecorder.ro\/app\/2026\/02\/26\/nicusor-dan-in-fata-executarii-silite-pentru-un-teren-din-predeal\/","title":{"rendered":"Nicu\u0219or Dan, \u00een fa\u021ba execut\u0103rii silite pentru un teren din Predeal!"},"content":{"rendered":"<p>Informa\u021biile recente publicate de <a href=\"https:\/\/www.gandul.ro\/exclusiv\/dezvaluirea-momentului-in-gandul-nicusor-dan-este-executat-silit-chiar-de-statul-pe-care-il-conduce-presedintele-romaniei-nu-si-a-platit-impozitul-pe-terenul-de-7-460-mp-de-la-predeal-gandul-public-20811853\" target=\"_blank\" rel=\"noopener\">G\u00e2ndul<\/a> sugereaz\u0103 c\u0103 pentru un teren de\u021binut de Nicu\u0219or Dan \u00een Timi\u0219ul de Sus (Predeal, jude\u021bul Bra\u0219ov) a fost emis\u0103 o decizie de impunere care preconizeaz\u0103 executarea silit\u0103 a datoriilor. Aceasta ridic\u0103 \u00eentreb\u0103ri cu privire la respectarea obliga\u021biilor fiscale de c\u0103tre pre\u0219edintele municipiului Bucure\u0219ti.<\/p>\n<p>Conform documenta\u021biei disponibile, situa\u021bia financiar\u0103 se prezint\u0103 astfel:<\/p>\n<ul>\n<li>Impozit pentru terenul extravilan: 265 lei<\/li>\n<li>Cheltuieli de executare: aproximativ 15 lei<\/li>\n<li>Restan\u021be din anii anteriori: 138,46 lei<\/li>\n<li>Debit aferent anului 2026: 110 lei<\/li>\n<li>Total datorii: 280,52 lei.<\/li>\n<\/ul>\n<p>De\u0219i suma nu este considerat\u0103 semnificativ\u0103, G\u00e2ndul subliniaz\u0103 c\u0103 acest incident ridic\u0103 o problem\u0103 de principiu, av\u00e2nd \u00een vedere apelurile constante la respectarea termenelor de plat\u0103 a impozitelor \u0219i taxelor.<\/p>\n<h3>Controversa \u201eintravilan \u2013 extravilan\u201d<\/h3>\n<p>Un alt aspect discutabil este clasificarea terenului. \u00cen declara\u021bia de avere din iunie 2025, Nicu\u0219or Dan a men\u021bionat c\u0103 de\u021bine un teren \u201eintravilan\u201d de 7.460 mp \u00een Predeal. Totu\u0219i, informa\u021biile ob\u021binute de G\u00e2ndul de la Oficiul de Cadastru \u0219i Publicitate Imobiliar\u0103 (OCPI) Bra\u0219ov indic\u0103 faptul c\u0103 terenul este \u00eencadrat oficial ca \u201eextravilan\u201d.<\/p>\n<p>Diferen\u021ba de clasificare are implica\u021bii semnificative din punct de vedere urbanistic \u0219i fiscal. Terenurile intravilane permit construc\u021bii cu un grad mai mare de libertate, \u00een timp ce terenurile extravilane sunt supuse unor reglement\u0103ri mai stricte. Publica\u021bia ridic\u0103 \u00eentrebarea dac\u0103 aceast\u0103 discrepan\u021b\u0103 este rezultatul unei erori sau dac\u0103 este vorba despre o neconcordan\u021b\u0103 \u00een declara\u021bia de avere.<\/p>\n<h3>Istoricul achizi\u021biei terenului<\/h3>\n<p>Nicu\u0219or Dan a declarat \u00een 2017 c\u0103 a achizi\u021bionat terenul din Predeal pentru suma de aproximativ 170.000\u2013180.000 de euro \u0219i c\u0103 a ob\u021binut un credit bancar de 100.000 de euro pentru aceast\u0103 tranzac\u021bie. \u201eEste un teren pe care am pl\u0103tit 170-180 de mii de euro, banca mi-a dat un credit de 100 de mii de euro\u201d, a afirmat el atunci.<\/p>\n<p>Imaginile publicate de G\u00e2ndul sugereaz\u0103 c\u0103 terenul se afl\u0103 \u00eentr-o zon\u0103 forestier\u0103 \u0219i accidentat\u0103 a Predealului, ceea ce ar putea influen\u021ba dezvoltarea sa viitoare.<\/p>\n<h3>Declara\u021biile lui Nicu\u0219or Dan despre propriet\u0103\u021bi<\/h3>\n<p>Recent, Nicu\u0219or Dan a declarat c\u0103 nu de\u021bine \u201emari propriet\u0103\u021bi\u201d \u0219i c\u0103 nu este la curent cu major\u0103rile de impozite. \u201eNu am mari propriet\u0103\u021bi, nu sunt la curent (\u2026) doar pe o ma\u0219in\u0103 (impozit). Nu mi-a venit decizia p\u00e2n\u0103 \u00een momentul acesta. Dar nu despre mine este vorba. Este vorba c\u0103 din p\u0103cate au fost ni\u0219te corec\u021bii\u201d, a spus pre\u0219edintele. \u00cen aceast\u0103 declara\u021bie, terenul din Predeal nu a fost men\u021bionat.<\/p>\n<h3>Terenul de la Snagov al partenerei de via\u021b\u0103<\/h3>\n<p>Articolul discut\u0103 \u0219i despre un teren de\u021binut la Snagov de Mirabela Gr\u0103dinaru, partenera de via\u021b\u0103 a pre\u0219edintelui, al\u0103turi de fratele ei, Bogdan Gr\u0103dinaru. Pe acest teren se preconizeaz\u0103 dezvoltarea unui cartier reziden\u021bial, subiect care a st\u00e2rnit controverse \u00een spa\u021biul public. Bogdan Gr\u0103dinaru a afirmat c\u0103 \u201eare o parcel\u0103 \u0219i sora mea. Normal c\u0103 i se pare \u0219i ei absurd c\u0103 nu ob\u021binem acest certificat de atestare fiscal\u0103\u201d. De asemenea, el a precizat c\u0103 a pl\u0103tit 10.000 de euro pentru lotul s\u0103u, dar nu a devenit \u00eenc\u0103 proprietar de drept.<\/p>\n<h3>Obliga\u021biile fiscale, obligatorii pentru to\u021bi cet\u0103\u021benii<\/h3>\n<p>Situa\u021bia lui Nicu\u0219or Dan este \u00een contradic\u021bie cu declara\u021biile premierului Ilie Bolojan, care a subliniat importan\u021ba ca cet\u0103\u021benii s\u0103-\u0219i pl\u0103teasc\u0103 obliga\u021biile fiscale pentru a sprijini investi\u021biile locale. \u201eUn cet\u0103\u021bean care beneficiaz\u0103 de lucr\u0103rile care se fac ast\u0103zi (\u2026) trebuie s\u0103 contribuie cu acest impozit la venitul localit\u0103\u021bii\u201d, a declarat premierul la sf\u00e2r\u0219itul anului trecut.<\/p>\n<p>P\u00e2n\u0103 la momentul redact\u0103rii acestui articol, nu a fost disponibil un r\u0103spuns oficial din partea lui Nicu\u0219or Dan cu privire la informa\u021biile prezentate de G\u00e2ndul.<\/p>\n","protected":false},"excerpt":{"rendered":"<p>Informa\u021biile recente publicate de G\u00e2ndul sugereaz\u0103 c\u0103 pentru un teren de\u021binut de Nicu\u0219or Dan \u00een Timi\u0219ul de Sus (Predeal, jude\u021bul Bra\u0219ov) a fost emis\u0103 o decizie de impunere care preconizeaz\u0103 executarea silit\u0103 a datoriilor. Aceasta ridic\u0103 \u00eentreb\u0103ri cu privire la respectarea obliga\u021biilor fiscale de c\u0103tre pre\u0219edintele municipiului Bucure\u0219ti. Conform documenta\u021biei disponibile, situa\u021bia financiar\u0103 se prezint\u0103 [&hellip;]<\/p>\n","protected":false},"author":2,"featured_media":5322,"comment_status":"open","ping_status":"open","sticky":false,"template":"","format":"standard","meta":{"jnews-multi-image_gallery":[],"jnews_single_post":[],"jnews_primary_category":[],"jnews_override_counter":[],"footnotes":""},"categories":[42],"tags":[1874,8055,3069,8054,286,8056,8057,8053],"class_list":["post-5321","post","type-post","status-publish","format-standard","has-post-thumbnail","hentry","category-politica","tag-controversa","tag-datorii-fiscale","tag-executare-silita","tag-impozit","tag-nicusor-dan","tag-presedinte-bucuresti","tag-respectarea-obligatiilor","tag-teren-extravilan"],"_links":{"self":[{"href":"https:\/\/www.newsrecorder.ro\/app\/wp-json\/wp\/v2\/posts\/5321","targetHints":{"allow":["GET"]}}],"collection":[{"href":"https:\/\/www.newsrecorder.ro\/app\/wp-json\/wp\/v2\/posts"}],"about":[{"href":"https:\/\/www.newsrecorder.ro\/app\/wp-json\/wp\/v2\/types\/post"}],"author":[{"embeddable":true,"href":"https:\/\/www.newsrecorder.ro\/app\/wp-json\/wp\/v2\/users\/2"}],"replies":[{"embeddable":true,"href":"https:\/\/www.newsrecorder.ro\/app\/wp-json\/wp\/v2\/comments?post=5321"}],"version-history":[{"count":0,"href":"https:\/\/www.newsrecorder.ro\/app\/wp-json\/wp\/v2\/posts\/5321\/revisions"}],"wp:featuredmedia":[{"embeddable":true,"href":"https:\/\/www.newsrecorder.ro\/app\/wp-json\/wp\/v2\/media\/5322"}],"wp:attachment":[{"href":"https:\/\/www.newsrecorder.ro\/app\/wp-json\/wp\/v2\/media?parent=5321"}],"wp:term":[{"taxonomy":"category","embeddable":true,"href":"https:\/\/www.newsrecorder.ro\/app\/wp-json\/wp\/v2\/categories?post=5321"},{"taxonomy":"post_tag","embeddable":true,"href":"https:\/\/www.newsrecorder.ro\/app\/wp-json\/wp\/v2\/tags?post=5321"}],"curies":[{"name":"wp","href":"https:\/\/api.w.org\/{rel}","templated":true}]}}