{"id":5359,"date":"2026-02-26T11:36:56","date_gmt":"2026-02-26T11:36:56","guid":{"rendered":"https:\/\/www.newsrecorder.ro\/app\/2026\/02\/26\/teheranul-cedeaza-flexibilitate-in-negocierile-nucleare-sub-presiunea-sua\/"},"modified":"2026-02-26T11:36:56","modified_gmt":"2026-02-26T11:36:56","slug":"teheranul-cedeaza-flexibilitate-in-negocierile-nucleare-sub-presiunea-sua","status":"publish","type":"post","link":"https:\/\/www.newsrecorder.ro\/app\/2026\/02\/26\/teheranul-cedeaza-flexibilitate-in-negocierile-nucleare-sub-presiunea-sua\/","title":{"rendered":"Teheranul cedeaz\u0103: flexibilitate \u00een negocierile nucleare sub presiunea SUA"},"content":{"rendered":"<p>A treia rund\u0103 de negocieri se desf\u0103\u0219oar\u0103 \u00een prezent la Geneva, reunind oficiali iranieni \u0219i reprezentan\u021bi americani pentru a discuta posibilele modalit\u0103\u021bi de ridicare a sanc\u021biunilor impuse Iranului \u00een schimbul limit\u0103rii programului s\u0103u nuclear, conform informa\u021biilor furnizate de <a href=\"https:\/\/www.reuters.com\/world\/middle-east\/us-iran-nuclear-talks-resume-geneva-against-backdrop-military-threat-2026-02-26\/\" target=\"_blank\" rel=\"noopener\">Reuters<\/a>.<\/p>\n<p>Esmaeil Baghaei, purt\u0103torul de cuv\u00e2nt al Ministerului de Externe iranian, a subliniat c\u0103 discu\u021biile se vor concentra exclusiv pe aspectele nucleare, exclud\u00e2nd abordarea programelor balistice, pe care Statele Unite le consider\u0103 o \u201eamenin\u021bare major\u0103\u201d pentru securitatea regional\u0103.<\/p>\n<p>\u00cen paralel cu aceste negocieri, administra\u021bia american\u0103 a desf\u0103\u0219urat trupe aeriene \u0219i navale \u00een regiune, inclusiv portavionul USS Gerald R. Ford \u0219i mai multe avioane F-22 \u00een Israel, marc\u00e2nd astfel cea mai mare mobilizare militar\u0103 \u00een Orientul Mijlociu de la invazia din Irak din 2003.<\/p>\n<p>Pre\u0219edintele Donald Trump a avertizat c\u0103 Iranul trebuie s\u0103 ajung\u0103 la un acord \u00een termen de 10-15 zile, altfel s-ar putea confrunta cu \u201elucruri foarte grave\u201d.<\/p>\n<p>Analiza situa\u021biei economice \u0219i geopolitice a dus la o cre\u0219tere a pre\u021bului petrolului, iar Arabia Saudit\u0103 a anun\u021bat o cre\u0219tere a produc\u021biei \u0219i exporturilor pentru a face fa\u021b\u0103 eventualelor perturb\u0103ri \u00een aprovizionarea global\u0103.<\/p>\n<p>Negociatorul iranian, Abbas Araqchi, a afirmat c\u0103 Teheranul caut\u0103 un acord echitabil \u0219i rapid, dar subliniaz\u0103 c\u0103 nu va renun\u021ba la dreptul s\u0103u de a dezvolta tehnologie nuclear\u0103 \u00een scopuri pa\u0219nice. \u00cen acela\u0219i timp, liderul suprem al Iranului, Ayatollahul Ali Khamenei, a reafirmat interdic\u021bia de a dezvolta arme de distrugere \u00een mas\u0103, conform unei fatwa emise \u00een anii 2000, insist\u00e2nd c\u0103 Iranul nu va dezvolta arme nucleare.<\/p>\n<p>Exper\u021bii \u00een domeniu consider\u0103 c\u0103 o solu\u021bie diplomatic\u0103 este posibil\u0103 doar dac\u0103 dialogul este prioritar \u0219i ambele p\u0103r\u021bi sunt dispuse s\u0103 fac\u0103 concesii semnificative, inclusiv \u00een ceea ce prive\u0219te ridicarea sanc\u021biunilor \u0219i monitorizarea programului nuclear.<\/p>\n","protected":false},"excerpt":{"rendered":"<p>A treia rund\u0103 de negocieri se desf\u0103\u0219oar\u0103 \u00een prezent la Geneva, reunind oficiali iranieni \u0219i reprezentan\u021bi americani pentru a discuta posibilele modalit\u0103\u021bi de ridicare a sanc\u021biunilor impuse Iranului \u00een schimbul limit\u0103rii programului s\u0103u nuclear, conform informa\u021biilor furnizate de Reuters. Esmaeil Baghaei, purt\u0103torul de cuv\u00e2nt al Ministerului de Externe iranian, a subliniat c\u0103 discu\u021biile se vor [&hellip;]<\/p>\n","protected":false},"author":2,"featured_media":5360,"comment_status":"open","ping_status":"open","sticky":false,"template":"","format":"standard","meta":{"jnews-multi-image_gallery":[],"jnews_single_post":[],"jnews_primary_category":[],"jnews_override_counter":[],"footnotes":""},"categories":[39],"tags":[31,913,686,2211,1080,86,3284,4161],"class_list":["post-5359","post","type-post","status-publish","format-standard","has-post-thumbnail","hentry","category-stirile-zilei","tag-jnews_demo_donald-trump","tag-iran","tag-negocieri","tag-orientul-mijlociu","tag-program-nuclear","tag-sanctiuni","tag-securitate-regionala","tag-trupe-americane"],"_links":{"self":[{"href":"https:\/\/www.newsrecorder.ro\/app\/wp-json\/wp\/v2\/posts\/5359","targetHints":{"allow":["GET"]}}],"collection":[{"href":"https:\/\/www.newsrecorder.ro\/app\/wp-json\/wp\/v2\/posts"}],"about":[{"href":"https:\/\/www.newsrecorder.ro\/app\/wp-json\/wp\/v2\/types\/post"}],"author":[{"embeddable":true,"href":"https:\/\/www.newsrecorder.ro\/app\/wp-json\/wp\/v2\/users\/2"}],"replies":[{"embeddable":true,"href":"https:\/\/www.newsrecorder.ro\/app\/wp-json\/wp\/v2\/comments?post=5359"}],"version-history":[{"count":0,"href":"https:\/\/www.newsrecorder.ro\/app\/wp-json\/wp\/v2\/posts\/5359\/revisions"}],"wp:featuredmedia":[{"embeddable":true,"href":"https:\/\/www.newsrecorder.ro\/app\/wp-json\/wp\/v2\/media\/5360"}],"wp:attachment":[{"href":"https:\/\/www.newsrecorder.ro\/app\/wp-json\/wp\/v2\/media?parent=5359"}],"wp:term":[{"taxonomy":"category","embeddable":true,"href":"https:\/\/www.newsrecorder.ro\/app\/wp-json\/wp\/v2\/categories?post=5359"},{"taxonomy":"post_tag","embeddable":true,"href":"https:\/\/www.newsrecorder.ro\/app\/wp-json\/wp\/v2\/tags?post=5359"}],"curies":[{"name":"wp","href":"https:\/\/api.w.org\/{rel}","templated":true}]}}