{"id":5377,"date":"2026-02-26T19:09:06","date_gmt":"2026-02-26T19:09:06","guid":{"rendered":"https:\/\/www.newsrecorder.ro\/app\/2026\/02\/26\/ninsori-masive-in-suceava-alerta-de-vant-in-moldova-miercuri\/"},"modified":"2026-02-26T19:09:06","modified_gmt":"2026-02-26T19:09:06","slug":"ninsori-masive-in-suceava-alerta-de-vant-in-moldova-miercuri","status":"publish","type":"post","link":"https:\/\/www.newsrecorder.ro\/app\/2026\/02\/26\/ninsori-masive-in-suceava-alerta-de-vant-in-moldova-miercuri\/","title":{"rendered":"Ninsori masive \u00een Suceava: Alert\u0103 de v\u00e2nt \u00een Moldova, miercuri!"},"content":{"rendered":"<p style=\"text-align: left\">\u00cen zonele montane, stratul de z\u0103pad\u0103 acumulat pe drumuri a generat necesitatea interven\u021biei utilajelor de desz\u0103pezire pentru a asigura circula\u021bia \u00een condi\u021bii de siguran\u021b\u0103.<\/p>\n<p style=\"text-align: left\">Conform informa\u021biilor furnizate de <a href=\"https:\/\/www.facebook.com\/share\/r\/1AqnMmPB1A\/\" target=\"_blank\" rel=\"noopener\">Direc\u021bia Regional\u0103 de Drumuri \u0219i Poduri Ia\u0219i<\/a>, \u00een jude\u021bul Suceava s-a \u00eenregistrat o ninsoare abundent\u0103, iar circula\u021bia s-a desf\u0103\u0219urat sub aspectele specifice iernii. Sec\u021bia Drumuri Na\u021bionale C\u00e2mpulung Moldovenesc a luat m\u0103suri pe sectoarele afectate, \u00eempr\u0103\u0219tiind material antiderapant \u0219i ac\u021bion\u00e2nd pentru a cur\u0103\u021ba z\u0103pada de pe carosabil.<\/p>\n<p style=\"text-align: left\">\u00cen special, \u00een Pasul Palma, pe DN 17A, unde viscolul aduce adesea troiene, utilajele de desz\u0103pezire au avut o activitate constant\u0103 pentru a men\u021bine drumul curat \u0219i sigur pentru \u0219oferi. Reprezentan\u021bii DRDP Ia\u0219i au men\u021bionat c\u0103 \u201etraficul pe acest sector se desf\u0103\u0219oar\u0103 \u00een condi\u021bii de iarn\u0103, pe fondul ninsorii abundente\u201d, recomand\u00e2ndu-le \u0219oferilor s\u0103 circule cu pruden\u021b\u0103.<\/p>\n<p style=\"text-align: left\">Pe tot parcursul zilei, interven\u021biile au continuat pe drumurile na\u021bionale din zona montan\u0103 a jude\u021bului. Drumarii au subliniat c\u0103 \u201epe anumite sectoare se circul\u0103 cu dificultate, carosabilul fiind umed \u0219i acoperit cu z\u0103pad\u0103 fr\u0103m\u00e2ntat\u0103, tratat\u0103 cu material antiderapant\u201d.<\/p>\n<p style=\"text-align: left\">\u00cen ceea ce prive\u0219te condi\u021biile meteorologice, meteorologii au emis avertiz\u0103ri de vreme sever\u0103 pentru regiunea Moldovei, anun\u021b\u00e2nd viscol puternic, z\u0103pad\u0103 troienit\u0103 \u0219i vizibilitate redus\u0103 \u00een zonele montane. \u00cencep\u00e2nd de miercuri diminea\u021b\u0103, va intra \u00een vigoare un nou cod galben, valabil pe 25 februarie, \u00eentre orele 10.00 \u0219i 20.00, ce vizeaz\u0103 intensific\u0103ri ale v\u00e2ntului.<\/p>\n<p style=\"text-align: left\">Avertizarea se aplic\u0103 pentru o mare parte din Moldova, precum \u0219i pentru zone din Transilvania, vestul \u0219i sud-vestul Olteniei \u0219i nordul Dobrogei, unde v\u00e2ntul va atinge viteze de 50-70 km\/h.<\/p>\n<p style=\"text-align: left\">Autorit\u0103\u021bile din Ia\u0219i le recomand\u0103 \u0219oferilor s\u0103 plece la drum doar dac\u0103 este absolut necesar, s\u0103 \u00ee\u0219i echipeze vehiculele corespunz\u0103tor pentru iarn\u0103 \u0219i s\u0103 adapteze viteza la condi\u021biile de trafic.<\/p>\n","protected":false},"excerpt":{"rendered":"<p>\u00cen zonele montane, stratul de z\u0103pad\u0103 acumulat pe drumuri a generat necesitatea interven\u021biei utilajelor de desz\u0103pezire pentru a asigura circula\u021bia \u00een condi\u021bii de siguran\u021b\u0103. Conform informa\u021biilor furnizate de Direc\u021bia Regional\u0103 de Drumuri \u0219i Poduri Ia\u0219i, \u00een jude\u021bul Suceava s-a \u00eenregistrat o ninsoare abundent\u0103, iar circula\u021bia s-a desf\u0103\u0219urat sub aspectele specifice iernii. Sec\u021bia Drumuri Na\u021bionale C\u00e2mpulung [&hellip;]<\/p>\n","protected":false},"author":5,"featured_media":5378,"comment_status":"open","ping_status":"open","sticky":false,"template":"","format":"standard","meta":{"jnews-multi-image_gallery":[],"jnews_single_post":[],"jnews_primary_category":[],"jnews_override_counter":[],"footnotes":""},"categories":[45],"tags":[1150,2239,8148,743,8147,1945,2241,729],"class_list":["post-5377","post","type-post","status-publish","format-standard","has-post-thumbnail","hentry","category-meteo","tag-circulatie","tag-deszapezire","tag-drdp-iasi","tag-ninsoare","tag-pasul-palma","tag-suceava","tag-utilaje","tag-zapada"],"_links":{"self":[{"href":"https:\/\/www.newsrecorder.ro\/app\/wp-json\/wp\/v2\/posts\/5377","targetHints":{"allow":["GET"]}}],"collection":[{"href":"https:\/\/www.newsrecorder.ro\/app\/wp-json\/wp\/v2\/posts"}],"about":[{"href":"https:\/\/www.newsrecorder.ro\/app\/wp-json\/wp\/v2\/types\/post"}],"author":[{"embeddable":true,"href":"https:\/\/www.newsrecorder.ro\/app\/wp-json\/wp\/v2\/users\/5"}],"replies":[{"embeddable":true,"href":"https:\/\/www.newsrecorder.ro\/app\/wp-json\/wp\/v2\/comments?post=5377"}],"version-history":[{"count":0,"href":"https:\/\/www.newsrecorder.ro\/app\/wp-json\/wp\/v2\/posts\/5377\/revisions"}],"wp:featuredmedia":[{"embeddable":true,"href":"https:\/\/www.newsrecorder.ro\/app\/wp-json\/wp\/v2\/media\/5378"}],"wp:attachment":[{"href":"https:\/\/www.newsrecorder.ro\/app\/wp-json\/wp\/v2\/media?parent=5377"}],"wp:term":[{"taxonomy":"category","embeddable":true,"href":"https:\/\/www.newsrecorder.ro\/app\/wp-json\/wp\/v2\/categories?post=5377"},{"taxonomy":"post_tag","embeddable":true,"href":"https:\/\/www.newsrecorder.ro\/app\/wp-json\/wp\/v2\/tags?post=5377"}],"curies":[{"name":"wp","href":"https:\/\/api.w.org\/{rel}","templated":true}]}}