{"id":5379,"date":"2026-02-26T19:09:23","date_gmt":"2026-02-26T19:09:23","guid":{"rendered":"https:\/\/www.newsrecorder.ro\/app\/2026\/02\/26\/primavara-aduce-caldura-prognoza-meteo-pentru-urmatoarele-4-saptamani\/"},"modified":"2026-02-26T19:09:23","modified_gmt":"2026-02-26T19:09:23","slug":"primavara-aduce-caldura-prognoza-meteo-pentru-urmatoarele-4-saptamani","status":"publish","type":"post","link":"https:\/\/www.newsrecorder.ro\/app\/2026\/02\/26\/primavara-aduce-caldura-prognoza-meteo-pentru-urmatoarele-4-saptamani\/","title":{"rendered":"Prim\u0103vara aduce c\u0103ldur\u0103: prognoza meteo pentru urm\u0103toarele 4 s\u0103pt\u0103m\u00e2ni"},"content":{"rendered":"<p>\u00cen ultima s\u0103pt\u0103m\u00e2n\u0103 de iarn\u0103 \u0219i primele dou\u0103 zile din martie, \u00eentre <strong>23 februarie \u0219i 2 martie<\/strong>, Administra\u021bia Na\u021bional\u0103 de Meteorologie (ANM) anun\u021b\u0103 c\u0103 temperaturile vor fi mai sc\u0103zute dec\u00e2t cele obi\u0219nuite \u00een regiunile sud-estice ale \u021b\u0103rii. \u00cen contrast, regiunile vestice vor experimenta valori termice u\u0219or mai ridicate, \u00een timp ce \u00een restul teritoriului, temperaturile se vor men\u021bine \u00een general la niveluri normale pentru aceast\u0103 perioad\u0103.<\/p>\n<p>Referitor la precipita\u021bii, regimul pluviometric va prezenta un excedent \u00een regiunile nordice, \u00een timp ce \u00een sud se va \u00eenregistra un deficit. \u00cen celelalte zone, valorile precipita\u021biilor vor fi \u00een general conforme cu normele sezoniere.<\/p>\n<p>\u00cen s\u0103pt\u0103m\u00e2na <strong>2 \u2013 9 martie<\/strong>, se preconizeaz\u0103 c\u0103 temperaturile medii vor dep\u0103\u0219i valorile normale pentru aceast\u0103 perioad\u0103 \u00een majoritatea regiunilor. Totu\u0219i, abaterile termice pozitive vor fi mai pronun\u021bate \u00een regiunile vestice \u0219i nord-vestice. \u00cen ceea ce prive\u0219te precipita\u021biile, se estimeaz\u0103 c\u0103 vor fi deficitare la nivel na\u021bional.<\/p>\n<p>Pentru intervalul <strong>9 \u2013 16 martie<\/strong>, meteorologii prev\u0103d c\u0103 temperatura medie a aerului va fi apropiat\u0103 de valorile normale \u00een majoritatea regiunilor. Regimul pluviometric va r\u0103m\u00e2ne deficitar \u00een regiunile vestice, iar \u00een restul \u021b\u0103rii, se va men\u021bine la niveluri caracteristice pentru aceast\u0103 perioad\u0103.<\/p>\n<p>\u00cen s\u0103pt\u0103m\u00e2na <strong>16 \u2013 23 martie<\/strong>, se estimeaz\u0103 c\u0103 mediile valorilor termice vor fi u\u0219or peste normele obi\u0219nuite, \u00een special \u00een regiunile intracarpatice. De asemenea, cantit\u0103\u021bile de precipita\u021bii vor fi conforme cu cele normale pentru acest interval, \u00een toate regiunile \u021b\u0103rii.<\/p>\n<p>&nbsp;<\/p>\n","protected":false},"excerpt":{"rendered":"<p>\u00cen ultima s\u0103pt\u0103m\u00e2n\u0103 de iarn\u0103 \u0219i primele dou\u0103 zile din martie, \u00eentre 23 februarie \u0219i 2 martie, Administra\u021bia Na\u021bional\u0103 de Meteorologie (ANM) anun\u021b\u0103 c\u0103 temperaturile vor fi mai sc\u0103zute dec\u00e2t cele obi\u0219nuite \u00een regiunile sud-estice ale \u021b\u0103rii. \u00cen contrast, regiunile vestice vor experimenta valori termice u\u0219or mai ridicate, \u00een timp ce \u00een restul teritoriului, temperaturile [&hellip;]<\/p>\n","protected":false},"author":5,"featured_media":5380,"comment_status":"open","ping_status":"open","sticky":false,"template":"","format":"standard","meta":{"jnews-multi-image_gallery":[],"jnews_single_post":[],"jnews_primary_category":[],"jnews_override_counter":[],"footnotes":""},"categories":[45],"tags":[146,564,5163,133,135,7862,1600,126],"class_list":["post-5379","post","type-post","status-publish","format-standard","has-post-thumbnail","hentry","category-meteo","tag-abateri-termice","tag-iarna","tag-martie","tag-meteorologie","tag-precipitatii","tag-regiunile-sud-estice","tag-regiunile-vestice","tag-temperaturi"],"_links":{"self":[{"href":"https:\/\/www.newsrecorder.ro\/app\/wp-json\/wp\/v2\/posts\/5379","targetHints":{"allow":["GET"]}}],"collection":[{"href":"https:\/\/www.newsrecorder.ro\/app\/wp-json\/wp\/v2\/posts"}],"about":[{"href":"https:\/\/www.newsrecorder.ro\/app\/wp-json\/wp\/v2\/types\/post"}],"author":[{"embeddable":true,"href":"https:\/\/www.newsrecorder.ro\/app\/wp-json\/wp\/v2\/users\/5"}],"replies":[{"embeddable":true,"href":"https:\/\/www.newsrecorder.ro\/app\/wp-json\/wp\/v2\/comments?post=5379"}],"version-history":[{"count":0,"href":"https:\/\/www.newsrecorder.ro\/app\/wp-json\/wp\/v2\/posts\/5379\/revisions"}],"wp:featuredmedia":[{"embeddable":true,"href":"https:\/\/www.newsrecorder.ro\/app\/wp-json\/wp\/v2\/media\/5380"}],"wp:attachment":[{"href":"https:\/\/www.newsrecorder.ro\/app\/wp-json\/wp\/v2\/media?parent=5379"}],"wp:term":[{"taxonomy":"category","embeddable":true,"href":"https:\/\/www.newsrecorder.ro\/app\/wp-json\/wp\/v2\/categories?post=5379"},{"taxonomy":"post_tag","embeddable":true,"href":"https:\/\/www.newsrecorder.ro\/app\/wp-json\/wp\/v2\/tags?post=5379"}],"curies":[{"name":"wp","href":"https:\/\/api.w.org\/{rel}","templated":true}]}}