{"id":5385,"date":"2026-02-26T19:10:41","date_gmt":"2026-02-26T19:10:41","guid":{"rendered":"https:\/\/www.newsrecorder.ro\/app\/2026\/02\/26\/alerta-meteo-viscol-si-ninsori-in-jumatate-din-tara-cu-rafale-de-70-km-h\/"},"modified":"2026-02-26T19:10:41","modified_gmt":"2026-02-26T19:10:41","slug":"alerta-meteo-viscol-si-ninsori-in-jumatate-din-tara-cu-rafale-de-70-km-h","status":"publish","type":"post","link":"https:\/\/www.newsrecorder.ro\/app\/2026\/02\/26\/alerta-meteo-viscol-si-ninsori-in-jumatate-din-tara-cu-rafale-de-70-km-h\/","title":{"rendered":"Alert\u0103 meteo: Viscol \u0219i ninsori \u00een jum\u0103tate din \u021bar\u0103 cu rafale de 70 km\/h!"},"content":{"rendered":"<p>Noul raport emis de Administra\u021bia Na\u021bional\u0103 de Meteorologie (ANM) aduce o alert\u0103 Cod galben, avertiz\u00e2nd asupra viscolului puternic \u0219i a precipita\u021biilor semnificative care afecteaz\u0103 deja zonele cu v\u00e2nt \u0219i ninsori.<\/p>\n<p>\u00cencep\u00e2nd din aceast\u0103 dup\u0103-amiaz\u0103, v\u00e2ntul va deveni din ce \u00een ce mai puternic \u00een sudul Moldovei \u0219i Muntenia, extinz\u00e2ndu-se ulterior \u00een Dobrogea \u0219i sud-estul Olteniei. Rafalele de v\u00e2nt se vor \u00eenregistra \u00eentre 50-60 km\/h, iar \u00een anumite locuri ar putea atinge 65-70 km\/h. De asemenea, vizibilitatea va sc\u0103dea semnificativ, sub 100 de metri \u00een zonele afectate de viscol.<\/p>\n<p><strong>Ninsori \u0219i polei<\/strong><\/p>\n<p>\u00cen noaptea de vineri spre s\u00e2mb\u0103t\u0103, precipita\u021biile vor \u00eencepe ini\u021bial sub form\u0103 mixt\u0103, exist\u00e2nd riscuri de polei \u0219i ghe\u021bu\u0219, \u00eenainte de a se transforma \u00een ninsoare pe aproape \u00eentreg teritoriul \u021b\u0103rii, cu excep\u021bia litoralului. Se estimeaz\u0103 c\u0103 stratul de z\u0103pad\u0103 va ajunge la 15-20 cm, iar cantit\u0103\u021bile de ap\u0103 acumulate vor varia \u00eentre 15-30 l\/mp.<\/p>\n<p><strong>Ger \u0219i temperaturi extreme<\/strong><\/p>\n<p>S\u00e2mb\u0103t\u0103, vremea se va r\u0103ci brusc \u00een majoritatea regiunilor. Temperaturile maxime \u00een sud \u0219i est nu vor dep\u0103\u0219i -5 p\u00e2n\u0103 la 1 grad Celsius, iar minimele din noaptea de vineri spre s\u00e2mb\u0103t\u0103 vor sc\u0103dea p\u00e2n\u0103 la -12 grade \u00een nordul Moldovei \u0219i nord-estul Transilvaniei.<\/p>\n<p><strong>Informarea meteo \u00een vigoare<\/strong><\/p>\n<p>Informarea meteorologic\u0103 anterioar\u0103 r\u0103m\u00e2ne valabil\u0103 pentru \u00eentreaga \u021bar\u0103 p\u00e2n\u0103 duminic\u0103 diminea\u021ba, acoperind ninsorile, poleiul, v\u00e2ntul \u0219i viscolul la munte, cu rafale de v\u00e2nt de 70-90 km\/h la altitudini mari.<\/p>\n<p>\u00cen regiunile Banat \u0219i Cri\u0219ana, ploile vor fi predominante, \u00een timp ce \u00een Moldova \u0219i la munte se vor \u00eenregistra ninsori. \u00cen restul \u021b\u0103rii, vineri, vremea se va caracteriza prin ploi, \u00eens\u0103 din seara acelei zile \u0219i p\u00e2n\u0103 duminic\u0103 diminea\u021ba, ninsorile vor deveni predominante. Cantit\u0103\u021bile de ap\u0103 vor fi local de 15-20 l\/mp \u0219i izolat de peste 25 l\/mp.<\/p>\n<p>Pe anumite suprafe\u021be va ap\u0103rea polei \u0219i ghe\u021bu\u0219, iar stratul de z\u0103pad\u0103 se va acumula cu grosimi medii de 5-15 cm.<\/p>\n<p>Vineri, 20 februarie, v\u00e2ntul va \u00eenregistra intensific\u0103ri temporare \u00een regiunile vestice \u0219i la munte, iar \u00eencep\u00e2nd cu orele amiezii \u0219i p\u00e2n\u0103 s\u00e2mb\u0103t\u0103 seara (21 februarie) aceste intensific\u0103ri se vor extinde \u0219i \u00een regiunile estice \u0219i sud-estice. Vitezele v\u00e2ntului vor varia \u00eentre 40-55 km\/h, iar rafalele la altitudini mari vor putea atinge 70-90 km\/h. \u00cen sud-estul \u021b\u0103rii, viscolul va reduce vizibilitatea.<\/p>\n<p>Vineri, vremea va fi rece \u00een jum\u0103tatea de nord a Moldovei, cu temperaturi maxime \u00eentre -3 \u0219i 2 grade Celsius. Minimele din noaptea de vineri spre s\u00e2mb\u0103t\u0103 (20\/21 februarie) vor fi cuprinse \u00eentre -12 \u0219i 4 grade, cele mai sc\u0103zute valori fiind \u00eenregistrate \u00een nordul Moldovei \u0219i nord-estul Transilvaniei. S\u00e2mb\u0103t\u0103, 21 februarie, se va r\u0103ci semnificativ \u00een \u00eentreaga \u021bar\u0103, iar \u00een sud \u0219i est, temperaturile maxime se vor \u00eencadra \u00eentre -5 \u0219i 1 grad.<\/p>\n","protected":false},"excerpt":{"rendered":"<p>Noul raport emis de Administra\u021bia Na\u021bional\u0103 de Meteorologie (ANM) aduce o alert\u0103 Cod galben, avertiz\u00e2nd asupra viscolului puternic \u0219i a precipita\u021biilor semnificative care afecteaz\u0103 deja zonele cu v\u00e2nt \u0219i ninsori. \u00cencep\u00e2nd din aceast\u0103 dup\u0103-amiaz\u0103, v\u00e2ntul va deveni din ce \u00een ce mai puternic \u00een sudul Moldovei \u0219i Muntenia, extinz\u00e2ndu-se ulterior \u00een Dobrogea \u0219i sud-estul Olteniei. [&hellip;]<\/p>\n","protected":false},"author":5,"featured_media":5386,"comment_status":"open","ping_status":"open","sticky":false,"template":"","format":"standard","meta":{"jnews-multi-image_gallery":[],"jnews_single_post":[],"jnews_primary_category":[],"jnews_override_counter":[],"footnotes":""},"categories":[45],"tags":[1561,128,1555,127,136,135,994,1142],"class_list":["post-5385","post","type-post","status-publish","format-standard","has-post-thumbnail","hentry","category-meteo","tag-alerta-cod-galben","tag-ger","tag-ghetus","tag-ninsori","tag-polei","tag-precipitatii","tag-vant-puternic","tag-viscol"],"_links":{"self":[{"href":"https:\/\/www.newsrecorder.ro\/app\/wp-json\/wp\/v2\/posts\/5385","targetHints":{"allow":["GET"]}}],"collection":[{"href":"https:\/\/www.newsrecorder.ro\/app\/wp-json\/wp\/v2\/posts"}],"about":[{"href":"https:\/\/www.newsrecorder.ro\/app\/wp-json\/wp\/v2\/types\/post"}],"author":[{"embeddable":true,"href":"https:\/\/www.newsrecorder.ro\/app\/wp-json\/wp\/v2\/users\/5"}],"replies":[{"embeddable":true,"href":"https:\/\/www.newsrecorder.ro\/app\/wp-json\/wp\/v2\/comments?post=5385"}],"version-history":[{"count":0,"href":"https:\/\/www.newsrecorder.ro\/app\/wp-json\/wp\/v2\/posts\/5385\/revisions"}],"wp:featuredmedia":[{"embeddable":true,"href":"https:\/\/www.newsrecorder.ro\/app\/wp-json\/wp\/v2\/media\/5386"}],"wp:attachment":[{"href":"https:\/\/www.newsrecorder.ro\/app\/wp-json\/wp\/v2\/media?parent=5385"}],"wp:term":[{"taxonomy":"category","embeddable":true,"href":"https:\/\/www.newsrecorder.ro\/app\/wp-json\/wp\/v2\/categories?post=5385"},{"taxonomy":"post_tag","embeddable":true,"href":"https:\/\/www.newsrecorder.ro\/app\/wp-json\/wp\/v2\/tags?post=5385"}],"curies":[{"name":"wp","href":"https:\/\/api.w.org\/{rel}","templated":true}]}}