{"id":539,"date":"2026-01-24T08:33:54","date_gmt":"2026-01-24T08:33:54","guid":{"rendered":"https:\/\/www.newsrecorder.ro\/app\/2026\/01\/24\/julio-iglesias-scapat-de-acuzatiile-de-agresiune-sexuala-in-spania\/"},"modified":"2026-01-24T08:33:54","modified_gmt":"2026-01-24T08:33:54","slug":"julio-iglesias-scapat-de-acuzatiile-de-agresiune-sexuala-in-spania","status":"publish","type":"post","link":"https:\/\/www.newsrecorder.ro\/app\/2026\/01\/24\/julio-iglesias-scapat-de-acuzatiile-de-agresiune-sexuala-in-spania\/","title":{"rendered":"Julio Iglesias, sc\u0103pat de acuza\u021biile de agresiune sexual\u0103 \u00een Spania!"},"content":{"rendered":"<p>Procurorii din Spania au anun\u021bat vineri c\u0103 au decis s\u0103 \u00eenchid\u0103 ancheta ini\u021bial\u0103 referitoare la <a style=\"color: #0000ff\" href=\"https:\/\/www.mediafax.ro\/externe\/julio-iglesias-acuzat-de-agresiune-sexuala-doua-foste-angajate-vorbesc-despre-abuzuri-si-un-climat-de-teroare-23670575\">acuza\u021biile de agresiune sexual\u0103<\/a> \u00eendreptate \u00eempotriva cunoscutului artist Julio Iglesias. Autorit\u0103\u021bile au stabilit c\u0103 instan\u021ba nu are jurisdic\u021bie \u00een acest caz, deoarece infrac\u021biunile presupuse au avut loc \u00een afara teritoriului spaniol, iar persoanele care au depus pl\u00e2ngerea nu sunt cet\u0103\u021beni spanioli \u0219i nici reziden\u021bi ai \u021b\u0103rii, conform informa\u021biilor oferite de <a style=\"color: #0000ff\" href=\"https:\/\/www.reuters.com\/world\/americas\/spanish-prosecutors-drop-abuse-case-against-julio-iglesias-2026-01-23\/\">Reuters<\/a>.<\/p>\n<p>La \u00eenceputul acestei luni, procurorii spanioli au demarat o investiga\u021bie \u00een urma unor acuza\u021bii conform c\u0103rora artistul de 82 de ani ar fi agresat sexual dou\u0103 foste angajate la re\u0219edin\u021bele sale din Republica Dominican\u0103 \u0219i Bahamas.<\/p>\n<p>Pe 5 ianuarie, cele dou\u0103 femei au depus o pl\u00e2ngere pentru agresiune sexual\u0103 \u0219i trafic de persoane la tribunalul na\u021bional, care se ocup\u0103 cu investigarea infrac\u021biunilor comise \u00een afara grani\u021belor Spaniei, conform <a style=\"color: #0000ff\" href=\"https:\/\/www.bbc.com\/news\/articles\/c9vx0p3gl71o\" target=\"_blank\" rel=\"noopener\">BBC<\/a>. Femeile au relatat c\u0103 Julio Iglesias le controla frecvent telefoanele mobile, le interzicea s\u0103 p\u0103r\u0103seasc\u0103 re\u0219edin\u021ba \u0219i le obliga s\u0103 lucreze p\u00e2n\u0103 la 16 ore pe zi, f\u0103r\u0103 a le oferi contracte de munc\u0103 sau zile libere.<\/p>\n<p>\u00cen fa\u021ba acestor acuza\u021bii, Julio Iglesias a negat vehement toate afirma\u021biile. Artistul a declarat: <em><strong>\u201eCu profund\u0103 triste\u021be, r\u0103spund la acuza\u021biile aduse de dou\u0103 persoane care au lucrat anterior la mine acas\u0103. Neg c\u0103 a\u0219 fi abuzat, constr\u00e2ns sau jignit vreo femeie. Aceste acuza\u021bii sunt absolut false \u0219i \u00eemi provoac\u0103 o mare triste\u021be.\u201d<\/strong><\/em><\/p>\n<p>Julio Iglesias este recunoscut ca fiind unul dintre cei mai de succes c\u00e2nt\u0103re\u021bi din lume, av\u00e2nd o carier\u0103 de-a lungul decadelor care a \u00eenceput cu lansarea albumului s\u0103u de debut, \u201eYo Canto\u201d, \u00een 1969. De-a lungul timpului, a v\u00e2ndut peste 300 de milioane de discuri \u00een mai mult de dou\u0103sprezece limbi. Dup\u0103 debutul s\u0103u \u00een Spania, Iglesias a c\u00e2\u0219tigat o popularitate imens\u0103 \u00een Statele Unite \u0219i la nivel mondial \u00een anii 1970 \u0219i 1980.<\/p>\n","protected":false},"excerpt":{"rendered":"<p>Procurorii din Spania au anun\u021bat vineri c\u0103 au decis s\u0103 \u00eenchid\u0103 ancheta ini\u021bial\u0103 referitoare la acuza\u021biile de agresiune sexual\u0103 \u00eendreptate \u00eempotriva cunoscutului artist Julio Iglesias. Autorit\u0103\u021bile au stabilit c\u0103 instan\u021ba nu are jurisdic\u021bie \u00een acest caz, deoarece infrac\u021biunile presupuse au avut loc \u00een afara teritoriului spaniol, iar persoanele care au depus pl\u00e2ngerea nu sunt cet\u0103\u021beni [&hellip;]<\/p>\n","protected":false},"author":7,"featured_media":540,"comment_status":"open","ping_status":"open","sticky":false,"template":"","format":"standard","meta":{"jnews-multi-image_gallery":[],"jnews_single_post":[],"jnews_primary_category":[],"jnews_override_counter":[],"footnotes":""},"categories":[43],"tags":[856,817,860,855,858,857,859,861],"class_list":["post-539","post","type-post","status-publish","format-standard","has-post-thumbnail","hentry","category-cultura","tag-agresiune-sexuala","tag-ancheta","tag-bahamas","tag-julio-iglesias","tag-jurisdictie","tag-procurori-spanioli","tag-republica-dominicana","tag-trafic-de-persoane"],"_links":{"self":[{"href":"https:\/\/www.newsrecorder.ro\/app\/wp-json\/wp\/v2\/posts\/539","targetHints":{"allow":["GET"]}}],"collection":[{"href":"https:\/\/www.newsrecorder.ro\/app\/wp-json\/wp\/v2\/posts"}],"about":[{"href":"https:\/\/www.newsrecorder.ro\/app\/wp-json\/wp\/v2\/types\/post"}],"author":[{"embeddable":true,"href":"https:\/\/www.newsrecorder.ro\/app\/wp-json\/wp\/v2\/users\/7"}],"replies":[{"embeddable":true,"href":"https:\/\/www.newsrecorder.ro\/app\/wp-json\/wp\/v2\/comments?post=539"}],"version-history":[{"count":0,"href":"https:\/\/www.newsrecorder.ro\/app\/wp-json\/wp\/v2\/posts\/539\/revisions"}],"wp:featuredmedia":[{"embeddable":true,"href":"https:\/\/www.newsrecorder.ro\/app\/wp-json\/wp\/v2\/media\/540"}],"wp:attachment":[{"href":"https:\/\/www.newsrecorder.ro\/app\/wp-json\/wp\/v2\/media?parent=539"}],"wp:term":[{"taxonomy":"category","embeddable":true,"href":"https:\/\/www.newsrecorder.ro\/app\/wp-json\/wp\/v2\/categories?post=539"},{"taxonomy":"post_tag","embeddable":true,"href":"https:\/\/www.newsrecorder.ro\/app\/wp-json\/wp\/v2\/tags?post=539"}],"curies":[{"name":"wp","href":"https:\/\/api.w.org\/{rel}","templated":true}]}}