{"id":5437,"date":"2026-02-26T23:07:59","date_gmt":"2026-02-26T23:07:59","guid":{"rendered":"https:\/\/www.newsrecorder.ro\/app\/2026\/02\/26\/motreanu-discrepante-surprinzatoare-intre-liderii-psd-si-realitate\/"},"modified":"2026-02-26T23:07:59","modified_gmt":"2026-02-26T23:07:59","slug":"motreanu-discrepante-surprinzatoare-intre-liderii-psd-si-realitate","status":"publish","type":"post","link":"https:\/\/www.newsrecorder.ro\/app\/2026\/02\/26\/motreanu-discrepante-surprinzatoare-intre-liderii-psd-si-realitate\/","title":{"rendered":"Motreanu: Discrepan\u021be surprinz\u0103toare \u00eentre liderii PSD \u0219i realitate!"},"content":{"rendered":"<p>\u00centr-o postare recent\u0103 pe Facebook, Dan Motreanu a subliniat problemele de comunicare din cadrul coali\u021biei de guvernare, observ\u00e2nd o discrepan\u021b\u0103 notabil\u0103 \u00eentre pozi\u021biile exprimate de liderii PSD \u00een cadrul discu\u021biilor interne \u0219i declara\u021biile f\u0103cute ulterior \u00een media, \u00een special la televiziuni. Aceast\u0103 situa\u021bie, conform liberalului, genereaz\u0103 confuzie \u0219i afecteaz\u0103 \u00eencrederea dintre partenerii de guvernare.<\/p>\n<p>Potrivit lui Motreanu, asumarea responsabilit\u0103\u021bii pentru modernizarea Rom\u00e2niei reprezint\u0103 o provocare major\u0103 pentru \u00eentreaga clas\u0103 politic\u0103 rom\u00e2neasc\u0103, \u00een special pentru PSD. El a subliniat c\u0103 reformele autentice necesit\u0103 decizii dificile, costuri politice \u0219i, mai ales, coeren\u021b\u0103 \u00een mesajul public.<\/p>\n<p>\u201eNu po\u021bi sus\u021bine un lucru la masa negocierilor \u0219i altul \u00een fa\u021ba electoratului, doar pentru a evita erodarea imaginii de partid. Toate pachetele de m\u0103suri \u0219i deciziile importante au fost adoptate cu acordul coali\u021biei, conform Programului de Guvernare asumat oficial de partidele care o compun. F\u0103r\u0103 sprijinul PSD, nu ar fi existat o majoritate parlamentar\u0103 pentru aceste m\u0103suri. A sus\u021bine acum contrariul este un act de ipocrizie \u0219i o dovad\u0103 de neasumare politic\u0103\u201d, a explicat Motreanu.<\/p>\n<p>El a mai ad\u0103ugat c\u0103 PSD a evitat s\u0103 \u00ee\u0219i asume responsabilitatea \u00een momentul desemn\u0103rii prim-ministrului, de\u0219i avea posibilitatea de a o face. \u201eNu po\u021bi refuza conducerea guvernului \u00eentr-un moment dificil, iar ulterior s\u0103 critici constant deciziile celui care \u0219i-a asumat aceast\u0103 misiune\u201d, a continuat liberalul.<\/p>\n<p>Motreanu a reafirmat sprijinul Partidului Na\u021bional Liberal pentru premierul Ilie Bolojan, subliniind c\u0103 acesta are mandatul de a conduce Guvernul, \u00een urma votului Parlamentului, \u0219i c\u0103 m\u0103surile implementate sunt esen\u021biale pentru reducerea deficitului bugetar \u0219i respect\u0103 deciziile coali\u021biei.<\/p>\n<p>\u00cen plus, liberalul a subliniat c\u0103 PSD trebuie s\u0103 \u00ee\u0219i exprime opiniile \u00een nume propriu \u0219i pentru propriul electorat, nu \u00een numele PNL sau altor partide din coali\u021bie. \u201eFiecare forma\u021biune politic\u0103 are dreptul \u0219i obliga\u021bia de a-\u0219i desemna reprezentan\u021bii \u00een Guvern \u0219i de a-\u0219i sus\u021bine aleg\u0103torii. PSD trebuie s\u0103 clarifice f\u0103r\u0103 echivoc dac\u0103 \u00ee\u0219i asum\u0103 responsabilitatea guvern\u0103rii sau nu. Participarea la guvernare implic\u0103 solidaritate, coeren\u021b\u0103 \u0219i asumarea deciziilor comune. Dac\u0103 PSD consider\u0103 c\u0103 nu mai poate sus\u021bine direc\u021bia actual\u0103, atunci trebuie s\u0103 o comunice deschis \u0219i s\u0103 \u00ee\u0219i asume consecin\u021bele politice ale unei eventuale treceri \u00een opozi\u021bie\u201d, a concluzionat Dan Motreanu.<\/p>\n<p>\u201eRom\u00e2nia are nevoie de stabilitate, predictibilitate \u0219i responsabilitate, nu de ambiguit\u0103\u021bi \u0219i jocuri tactice\u201d, a avertizat el, subliniind importan\u021ba unei guvern\u0103ri clare \u0219i asumate.<\/p>\n","protected":false},"excerpt":{"rendered":"<p>\u00centr-o postare recent\u0103 pe Facebook, Dan Motreanu a subliniat problemele de comunicare din cadrul coali\u021biei de guvernare, observ\u00e2nd o discrepan\u021b\u0103 notabil\u0103 \u00eentre pozi\u021biile exprimate de liderii PSD \u00een cadrul discu\u021biilor interne \u0219i declara\u021biile f\u0103cute ulterior \u00een media, \u00een special la televiziuni. Aceast\u0103 situa\u021bie, conform liberalului, genereaz\u0103 confuzie \u0219i afecteaz\u0103 \u00eencrederea dintre partenerii de guvernare. Potrivit [&hellip;]<\/p>\n","protected":false},"author":2,"featured_media":5438,"comment_status":"open","ping_status":"open","sticky":false,"template":"","format":"standard","meta":{"jnews-multi-image_gallery":[],"jnews_single_post":[],"jnews_primary_category":[],"jnews_override_counter":[],"footnotes":""},"categories":[42],"tags":[636,1003,8199,526,210,300,1057,319],"class_list":["post-5437","post","type-post","status-publish","format-standard","has-post-thumbnail","hentry","category-politica","tag-coalitie","tag-comunicare","tag-dan-motreanu","tag-guvernare","tag-incredere","tag-psd","tag-reforme","tag-responsabilitate"],"_links":{"self":[{"href":"https:\/\/www.newsrecorder.ro\/app\/wp-json\/wp\/v2\/posts\/5437","targetHints":{"allow":["GET"]}}],"collection":[{"href":"https:\/\/www.newsrecorder.ro\/app\/wp-json\/wp\/v2\/posts"}],"about":[{"href":"https:\/\/www.newsrecorder.ro\/app\/wp-json\/wp\/v2\/types\/post"}],"author":[{"embeddable":true,"href":"https:\/\/www.newsrecorder.ro\/app\/wp-json\/wp\/v2\/users\/2"}],"replies":[{"embeddable":true,"href":"https:\/\/www.newsrecorder.ro\/app\/wp-json\/wp\/v2\/comments?post=5437"}],"version-history":[{"count":0,"href":"https:\/\/www.newsrecorder.ro\/app\/wp-json\/wp\/v2\/posts\/5437\/revisions"}],"wp:featuredmedia":[{"embeddable":true,"href":"https:\/\/www.newsrecorder.ro\/app\/wp-json\/wp\/v2\/media\/5438"}],"wp:attachment":[{"href":"https:\/\/www.newsrecorder.ro\/app\/wp-json\/wp\/v2\/media?parent=5437"}],"wp:term":[{"taxonomy":"category","embeddable":true,"href":"https:\/\/www.newsrecorder.ro\/app\/wp-json\/wp\/v2\/categories?post=5437"},{"taxonomy":"post_tag","embeddable":true,"href":"https:\/\/www.newsrecorder.ro\/app\/wp-json\/wp\/v2\/tags?post=5437"}],"curies":[{"name":"wp","href":"https:\/\/api.w.org\/{rel}","templated":true}]}}