{"id":545,"date":"2026-01-24T08:34:58","date_gmt":"2026-01-24T08:34:58","guid":{"rendered":"https:\/\/www.newsrecorder.ro\/app\/2026\/01\/24\/sorin-grindeanu-24-ianuarie-1859-inceputul-romaniei-moderne\/"},"modified":"2026-01-24T08:34:58","modified_gmt":"2026-01-24T08:34:58","slug":"sorin-grindeanu-24-ianuarie-1859-inceputul-romaniei-moderne","status":"publish","type":"post","link":"https:\/\/www.newsrecorder.ro\/app\/2026\/01\/24\/sorin-grindeanu-24-ianuarie-1859-inceputul-romaniei-moderne\/","title":{"rendered":"Sorin Grindeanu: 24 ianuarie 1859, \u00eenceputul Rom\u00e2niei moderne!"},"content":{"rendered":"<p>Ast\u0103zi, celebr\u0103m 167 de ani de la prima Unire a Principatelor Rom\u00e2ne, un moment deosebit \u00een istoria noastr\u0103, c\u00e2nd Moldova \u0219i \u021aara Rom\u00e2neasc\u0103 s-au unit. Acest eveniment remarcabil a fost posibil datorit\u0103 unit\u0103\u021bii rom\u00e2nilor \u0219i a viziunii \u00eenainta\u0219ilor no\u0219tri politici, a declarat Grindeanu pe re\u021belele de socializare.<\/p>\n<p>El subliniaz\u0103 c\u0103 aceea\u0219i determinare \u0219i viziune clar\u0103 au jucat un rol esen\u021bial \u00een diferite momente cheie ale istoriei, contribuind astfel la formarea Rom\u00e2niei moderne, care ast\u0103zi este un stat membru al Uniunii Europene \u0219i al NATO.<\/p>\n<p>\u201eAceasta este o lec\u021bie pe care nu ar trebui s\u0103 o uit\u0103m, mai ales \u00een contextul geopolitic complicat \u00een care ne afl\u0103m acum\u201d, a ad\u0103ugat Grindeanu, cu ocazia Zilei Unirii Principatelor.<\/p>\n","protected":false},"excerpt":{"rendered":"<p>Ast\u0103zi, celebr\u0103m 167 de ani de la prima Unire a Principatelor Rom\u00e2ne, un moment deosebit \u00een istoria noastr\u0103, c\u00e2nd Moldova \u0219i \u021aara Rom\u00e2neasc\u0103 s-au unit. Acest eveniment remarcabil a fost posibil datorit\u0103 unit\u0103\u021bii rom\u00e2nilor \u0219i a viziunii \u00eenainta\u0219ilor no\u0219tri politici, a declarat Grindeanu pe re\u021belele de socializare. El subliniaz\u0103 c\u0103 aceea\u0219i determinare \u0219i viziune clar\u0103 [&hellip;]<\/p>\n","protected":false},"author":2,"featured_media":546,"comment_status":"open","ping_status":"open","sticky":false,"template":"","format":"standard","meta":{"jnews-multi-image_gallery":[],"jnews_single_post":[],"jnews_primary_category":[],"jnews_override_counter":[],"footnotes":""},"categories":[42],"tags":[873,871,352,870,149,872,284,321],"class_list":["post-545","post","type-post","status-publish","format-standard","has-post-thumbnail","hentry","category-politica","tag-istorie","tag-moldova","tag-nato","tag-principate","tag-romania","tag-tara-romaneasca","tag-unire","tag-uniunea-europeana"],"_links":{"self":[{"href":"https:\/\/www.newsrecorder.ro\/app\/wp-json\/wp\/v2\/posts\/545","targetHints":{"allow":["GET"]}}],"collection":[{"href":"https:\/\/www.newsrecorder.ro\/app\/wp-json\/wp\/v2\/posts"}],"about":[{"href":"https:\/\/www.newsrecorder.ro\/app\/wp-json\/wp\/v2\/types\/post"}],"author":[{"embeddable":true,"href":"https:\/\/www.newsrecorder.ro\/app\/wp-json\/wp\/v2\/users\/2"}],"replies":[{"embeddable":true,"href":"https:\/\/www.newsrecorder.ro\/app\/wp-json\/wp\/v2\/comments?post=545"}],"version-history":[{"count":0,"href":"https:\/\/www.newsrecorder.ro\/app\/wp-json\/wp\/v2\/posts\/545\/revisions"}],"wp:featuredmedia":[{"embeddable":true,"href":"https:\/\/www.newsrecorder.ro\/app\/wp-json\/wp\/v2\/media\/546"}],"wp:attachment":[{"href":"https:\/\/www.newsrecorder.ro\/app\/wp-json\/wp\/v2\/media?parent=545"}],"wp:term":[{"taxonomy":"category","embeddable":true,"href":"https:\/\/www.newsrecorder.ro\/app\/wp-json\/wp\/v2\/categories?post=545"},{"taxonomy":"post_tag","embeddable":true,"href":"https:\/\/www.newsrecorder.ro\/app\/wp-json\/wp\/v2\/tags?post=545"}],"curies":[{"name":"wp","href":"https:\/\/api.w.org\/{rel}","templated":true}]}}