{"id":5455,"date":"2026-02-26T23:10:40","date_gmt":"2026-02-26T23:10:40","guid":{"rendered":"https:\/\/www.newsrecorder.ro\/app\/2026\/02\/26\/germania-isi-intareste-fortele-militare-impotriva-amenintarilor-cu-drone\/"},"modified":"2026-02-26T23:10:40","modified_gmt":"2026-02-26T23:10:40","slug":"germania-isi-intareste-fortele-militare-impotriva-amenintarilor-cu-drone","status":"publish","type":"post","link":"https:\/\/www.newsrecorder.ro\/app\/2026\/02\/26\/germania-isi-intareste-fortele-militare-impotriva-amenintarilor-cu-drone\/","title":{"rendered":"Germania \u00ee\u0219i \u00eent\u0103re\u0219te for\u021bele militare \u00eempotriva amenin\u021b\u0103rilor cu drone!"},"content":{"rendered":"<p>Bundestagul a adoptat recent un amendament la legisla\u021bia privind securitatea aerian\u0103, ini\u021biat de Ministerul de Interne. Acesta a primit sus\u021binerea at\u00e2t din partea partidelor aflate la guvernare, conservatori \u0219i social-democra\u021bi, c\u00e2t \u0219i din partea opozi\u021biei de extrem\u0103 dreapta, AfD. Scopul principal al acestui amendament este de a accelera \u0219i simplifica m\u0103surile de ap\u0103rare \u00eempotriva dronelor, conform informa\u021biilor furnizate de <a href=\"https:\/\/www.reuters.com\/business\/aerospace-defense\/germany-expands-military-powers-fight-drones-2026-02-26\/\" target=\"_blank\" rel=\"noopener\">Reuters<\/a>.<\/p>\n<p>Cre\u0219terea num\u0103rului incidentelor cu drone \u00een spa\u021biul aerian german, \u00een special dup\u0103 invazia rus\u0103, a devenit o preocupare major\u0103. Pilo\u021bii acestor drone sunt adesea greu de identificat, iar exper\u021bii sugereaz\u0103 c\u0103 multe dintre aceste zboruri ar putea fi coordonate de Rusia.<\/p>\n<p>Conform noii legisla\u021bii, Bundeswehr, armata german\u0103, are acum capacitatea de a interveni direct \u00eempotriva dronelor, atunci c\u00e2nd este solicitat ajutor de c\u0103tre autorit\u0103\u021bile civile. Aceasta include utilizarea dispozitivelor de bruiaj \u0219i a armelor, o schimbare semnificativ\u0103 fa\u021b\u0103 de restric\u021biile anterioare asupra interven\u021biei militare.<\/p>\n<p>Ministerul Ap\u0103r\u0103rii are, de asemenea, autoritatea de a ini\u021bia opera\u021biuni \u00een mod independent, ceea ce va permite o reac\u021bie mai rapid\u0103 la amenin\u021b\u0103rile acute, conform detaliilor incluse \u00een modific\u0103rile legislative.<\/p>\n<p>De\u0219i poli\u021bia din statele federale ale Germaniei are responsabilitatea de a combate dronele, aceasta se confrunt\u0103 adesea cu lipsa echipamentului necesar. Recent, competen\u021bele poli\u021biei federale au fost extinse, iar la Berlin a fost \u00eenfiin\u021bat un nou centru de ap\u0103rare \u00eempotriva dronelor pentru a sprijini aceste eforturi.<\/p>\n<p>Legisla\u021bia actualizat\u0103 introduce, de asemenea, sanc\u021biuni mai severe pentru zborurile ilegale cu drone \u00een apropierea aeroporturilor. Acest lucru vizeaz\u0103 \u00een special ac\u021biunile de protest ale activi\u0219tilor pentru clim\u0103, care au provocat, \u00een repetate r\u00e2nduri, perturb\u0103ri \u00een traficul aerian. Aceste infrac\u021biuni vor fi acum urm\u0103rite penal, av\u00e2nd ca pedeaps\u0103 \u00eenchisoarea de p\u00e2n\u0103 la doi ani, \u00een locul amenzilor aplicate anterior.<\/p>\n","protected":false},"excerpt":{"rendered":"<p>Bundestagul a adoptat recent un amendament la legisla\u021bia privind securitatea aerian\u0103, ini\u021biat de Ministerul de Interne. Acesta a primit sus\u021binerea at\u00e2t din partea partidelor aflate la guvernare, conservatori \u0219i social-democra\u021bi, c\u00e2t \u0219i din partea opozi\u021biei de extrem\u0103 dreapta, AfD. Scopul principal al acestui amendament este de a accelera \u0219i simplifica m\u0103surile de ap\u0103rare \u00eempotriva dronelor, [&hellip;]<\/p>\n","protected":false},"author":2,"featured_media":5456,"comment_status":"open","ping_status":"open","sticky":false,"template":"","format":"standard","meta":{"jnews-multi-image_gallery":[],"jnews_single_post":[],"jnews_primary_category":[],"jnews_override_counter":[],"footnotes":""},"categories":[41],"tags":[8221,8220,8223,924,2437,532,681,8222],"class_list":["post-5455","post","type-post","status-publish","format-standard","has-post-thumbnail","hentry","category-externe","tag-amendament","tag-bundestag","tag-bundeswehr","tag-drone","tag-interventie","tag-legislatie","tag-rusia","tag-securitate-aeriana"],"_links":{"self":[{"href":"https:\/\/www.newsrecorder.ro\/app\/wp-json\/wp\/v2\/posts\/5455","targetHints":{"allow":["GET"]}}],"collection":[{"href":"https:\/\/www.newsrecorder.ro\/app\/wp-json\/wp\/v2\/posts"}],"about":[{"href":"https:\/\/www.newsrecorder.ro\/app\/wp-json\/wp\/v2\/types\/post"}],"author":[{"embeddable":true,"href":"https:\/\/www.newsrecorder.ro\/app\/wp-json\/wp\/v2\/users\/2"}],"replies":[{"embeddable":true,"href":"https:\/\/www.newsrecorder.ro\/app\/wp-json\/wp\/v2\/comments?post=5455"}],"version-history":[{"count":0,"href":"https:\/\/www.newsrecorder.ro\/app\/wp-json\/wp\/v2\/posts\/5455\/revisions"}],"wp:featuredmedia":[{"embeddable":true,"href":"https:\/\/www.newsrecorder.ro\/app\/wp-json\/wp\/v2\/media\/5456"}],"wp:attachment":[{"href":"https:\/\/www.newsrecorder.ro\/app\/wp-json\/wp\/v2\/media?parent=5455"}],"wp:term":[{"taxonomy":"category","embeddable":true,"href":"https:\/\/www.newsrecorder.ro\/app\/wp-json\/wp\/v2\/categories?post=5455"},{"taxonomy":"post_tag","embeddable":true,"href":"https:\/\/www.newsrecorder.ro\/app\/wp-json\/wp\/v2\/tags?post=5455"}],"curies":[{"name":"wp","href":"https:\/\/api.w.org\/{rel}","templated":true}]}}