{"id":5489,"date":"2026-02-27T00:07:39","date_gmt":"2026-02-27T00:07:39","guid":{"rendered":"https:\/\/www.newsrecorder.ro\/app\/2026\/02\/27\/descoperire-socanta-o-piatra-din-curte-s-a-dovedit-a-fi-comoara-arheologica\/"},"modified":"2026-02-27T00:07:39","modified_gmt":"2026-02-27T00:07:39","slug":"descoperire-socanta-o-piatra-din-curte-s-a-dovedit-a-fi-comoara-arheologica","status":"publish","type":"post","link":"https:\/\/www.newsrecorder.ro\/app\/2026\/02\/27\/descoperire-socanta-o-piatra-din-curte-s-a-dovedit-a-fi-comoara-arheologica\/","title":{"rendered":"Descoperire \u0219ocant\u0103: O piatr\u0103 din curte s-a dovedit a fi comoar\u0103 arheologic\u0103!"},"content":{"rendered":"<p>La prima vedere, placa de marmur\u0103 gravat\u0103 \u00een latin\u0103, inclusiv cu expresia \u201espiritele mor\u021bilor\u201d, p\u0103rea a fi o reproducere comun\u0103, menit\u0103 s\u0103 ofere un aer solemn gr\u0103dinii, conform informa\u021biilor publicate de <a href=\"https:\/\/www.sciencealert.com\/mysterious-stone-in-us-backyard-turned-out-to-be-an-archaeological-treasure\" target=\"_blank\" rel=\"noopener\">ScienceAlert<\/a>.<\/p>\n<p>Cu toate acestea, pentru antropoloaga Daniella Santoro, care locuie\u0219te \u00eempreun\u0103 cu so\u021bul ei, Aaron Lopez, \u00eentr-o cas\u0103 istoric\u0103 situat\u0103 \u00een cartierul Carrollton din New Orleans, acest obiect, g\u0103sit par\u021bial \u00eengropat \u00een vegeta\u021bie, a st\u00e2rnit curiozitate. La \u00eenceput, Santoro a avut temeri c\u0103 ar putea descoperi un vechi morm\u00e2nt.<\/p>\n<p>\u201eFaptul c\u0103 era \u00een latin\u0103 ne-a pus pe g\u00e2nduri, nu-i a\u0219a?\u201d, a declarat Daniella Santoro pentru Associated Press. \u201eC\u00e2nd vezi a\u0219a ceva, \u00ee\u021bi spui: \u00abBine, asta nu e un lucru obi\u0219nuit.\u00bb\u201d<\/p>\n<p>\u00cen loc s\u0103 ignore acest instinct, Santoro a decis s\u0103 solicite ajutorul speciali\u0219tilor. Printre cei care au examinat inscrip\u021bia s-au num\u0103rat arheoloaga Susann Lusnia de la Universitatea Tulane \u0219i antropologul D. Ryan Gray de la Universitatea din New Orleans, care au \u00eemp\u0103rt\u0103\u0219it descoperirea \u0219i altor colegi.<\/p>\n<p>\u00cen scurt timp, cercet\u0103torii au realizat ce a g\u0103sit cuplul.<\/p>\n<p>Textul latin \u00eencepe cu formula Dis Manibus \u2013 \u201ec\u0103tre spiritele mor\u021bilor\u201d \u2013 o dedica\u021bie frecvent \u00eent\u00e2lnit\u0103 pe pl\u0103cile funerare romane. Aceast\u0103 formul\u0103 era standard \u00een practica funerar\u0103 roman\u0103, adesea gravat\u0103 \u00een partea superioar\u0103 a pietrelor tombale. Mii de inscrip\u021bii de acest tip au fost conservate din perioada fostului Imperiu Roman.<\/p>\n<p>O analiz\u0103 detaliat\u0103 a relevat c\u0103 piatra comemora un soldat roman, pe nume Sextus Congenius Verus, care a fost omagiat de mo\u0219tenitorii s\u0103i, Atilius Carus \u0219i Vettius Longinus. Inscrip\u021bia men\u021bioneaz\u0103 c\u0103 acesta a murit la v\u00e2rsta de 42 de ani, dup\u0103 22 de ani de serviciu militar, cu aproximativ 1.900 de ani \u00eenainte ca Santoro \u0219i Lopez s\u0103 descopere monumentul funerar \u00eentr-o gr\u0103din\u0103 plin\u0103 de vegeta\u021bie.<\/p>\n<p>Un aspect fascinant este c\u0103 aceast\u0103 piatr\u0103 nu era la prima ei men\u021biune. \u00cen \u00eenceputul secolului XX, fusese inclus\u0103 \u00een catalogul Muzeului Na\u021bional Arheologic din Civitavecchia, Italia, un ora\u0219-port \u00een care monumentul funerar fusese odat\u0103 parte dintr-un mic cimitir.<\/p>\n<p>Muzeul a suferit daune semnificative \u00een urma bombardamentelor aliate din 1943 \u0219i 1944, iar numeroase artefacte au fost pierdute sau dispersate. \u00cen \u00eentreaga Europ\u0103, bombardamentele \u0219i jafurile din timpul r\u0103zboiului au dus la dispari\u021bia multor obiecte de patrimoniu, multe dintre ele r\u0103m\u00e2n\u00e2nd \u00eenc\u0103 disp\u0103rute dup\u0103 decenii.<\/p>\n<p>Monumentul funerar a fost printre piesele ulterior declarate disp\u0103rute. Dimensiunile specificate de muzeu corespundeau exact cu cele ale pl\u0103cii descoperite \u00een gr\u0103dina lui Santoro \u0219i Lopez.<\/p>\n<p>\u00centrebarea care r\u0103m\u00e2ne este cum a ajuns aceast\u0103 piatr\u0103 din Italia, aflat\u0103 \u00een r\u0103zboi, p\u00e2n\u0103 \u00een suburbia din Louisiana. Potrivit lui Erin Scott O\u2019Brien, fostul proprietar al casei din Carrollton, placa fusese expus\u0103 \u00eentr-o vitrin\u0103 al\u0103turi de alte obiecte de familie, \u00een casa bunicului ei, Charles Paddock Jr., un soldat sta\u021bionat \u00een Italia \u00een timpul celui de-Al Doilea R\u0103zboi Mondial.<\/p>\n<p>Paddock Jr. \u0219i so\u021bia sa au decedat \u00een anii 1980; c\u00e2nd O\u2019Brien s-a mutat \u00een casa de familie la \u00eenceputul anilor 2000, mama ei i-a oferit piatra. \u201eAm plantat un copac \u0219i am spus: acesta este \u00eenceputul noii noastre case. Hai s\u0103 o punem afar\u0103, \u00een gr\u0103din\u0103\u201d, a declarat O\u2019Brien pentru Preservation in Print. \u201eAm crezut pur \u0219i simplu c\u0103 este o pies\u0103 de art\u0103. Nu aveam nicio idee c\u0103 este o relicv\u0103 veche de 2.000 de ani.\u201d<\/p>\n<p>Dup\u0103 mai bine de 80 de ani de la devastarea muzeului care ad\u0103postea odinioar\u0103 relicva, \u0219i cu principalii actori ai acestei pove\u0219ti disp\u0103ru\u021bi, r\u0103m\u00e2ne o enigm\u0103 cum a ajuns Paddock \u00een posesia pietrei. Totu\u0219i, ceea ce conteaz\u0103 cu adev\u0103rat este c\u0103 aceasta se va \u00eentoarce, \u00een sf\u00e2r\u0219it, acas\u0103 \u2013 \u00een \u021binutul imperiului pe care Sextus Congenius Verus l-a servit cu devotament.<\/p>\n<p>Echipa FBI pentru infrac\u021biuni de art\u0103 coordoneaz\u0103 repatrierea obiectului c\u0103tre Muzeul Na\u021bional Arheologic din Civitavecchia.<\/p>\n","protected":false},"excerpt":{"rendered":"<p>La prima vedere, placa de marmur\u0103 gravat\u0103 \u00een latin\u0103, inclusiv cu expresia \u201espiritele mor\u021bilor\u201d, p\u0103rea a fi o reproducere comun\u0103, menit\u0103 s\u0103 ofere un aer solemn gr\u0103dinii, conform informa\u021biilor publicate de ScienceAlert. Cu toate acestea, pentru antropoloaga Daniella Santoro, care locuie\u0219te \u00eempreun\u0103 cu so\u021bul ei, Aaron Lopez, \u00eentr-o cas\u0103 istoric\u0103 situat\u0103 \u00een cartierul Carrollton din [&hellip;]<\/p>\n","protected":false},"author":2,"featured_media":5490,"comment_status":"open","ping_status":"open","sticky":false,"template":"","format":"standard","meta":{"jnews-multi-image_gallery":[],"jnews_single_post":[],"jnews_primary_category":[],"jnews_override_counter":[],"footnotes":""},"categories":[39],"tags":[8278,349,8280,8276,8275,1213,8279,8277],"class_list":["post-5489","post","type-post","status-publish","format-standard","has-post-thumbnail","hentry","category-stirile-zilei","tag-antropologie","tag-arheologie","tag-inscriptie","tag-latina","tag-marmura","tag-mormant","tag-new-orleans","tag-spiritele-mortilor"],"_links":{"self":[{"href":"https:\/\/www.newsrecorder.ro\/app\/wp-json\/wp\/v2\/posts\/5489","targetHints":{"allow":["GET"]}}],"collection":[{"href":"https:\/\/www.newsrecorder.ro\/app\/wp-json\/wp\/v2\/posts"}],"about":[{"href":"https:\/\/www.newsrecorder.ro\/app\/wp-json\/wp\/v2\/types\/post"}],"author":[{"embeddable":true,"href":"https:\/\/www.newsrecorder.ro\/app\/wp-json\/wp\/v2\/users\/2"}],"replies":[{"embeddable":true,"href":"https:\/\/www.newsrecorder.ro\/app\/wp-json\/wp\/v2\/comments?post=5489"}],"version-history":[{"count":0,"href":"https:\/\/www.newsrecorder.ro\/app\/wp-json\/wp\/v2\/posts\/5489\/revisions"}],"wp:featuredmedia":[{"embeddable":true,"href":"https:\/\/www.newsrecorder.ro\/app\/wp-json\/wp\/v2\/media\/5490"}],"wp:attachment":[{"href":"https:\/\/www.newsrecorder.ro\/app\/wp-json\/wp\/v2\/media?parent=5489"}],"wp:term":[{"taxonomy":"category","embeddable":true,"href":"https:\/\/www.newsrecorder.ro\/app\/wp-json\/wp\/v2\/categories?post=5489"},{"taxonomy":"post_tag","embeddable":true,"href":"https:\/\/www.newsrecorder.ro\/app\/wp-json\/wp\/v2\/tags?post=5489"}],"curies":[{"name":"wp","href":"https:\/\/api.w.org\/{rel}","templated":true}]}}