{"id":5519,"date":"2026-02-27T11:12:41","date_gmt":"2026-02-27T11:12:41","guid":{"rendered":"https:\/\/www.newsrecorder.ro\/app\/2026\/02\/27\/aep-acuza-finantarea-campaniei-lui-nicusor-dan-pe-masa-parchetului\/"},"modified":"2026-02-27T11:12:41","modified_gmt":"2026-02-27T11:12:41","slug":"aep-acuza-finantarea-campaniei-lui-nicusor-dan-pe-masa-parchetului","status":"publish","type":"post","link":"https:\/\/www.newsrecorder.ro\/app\/2026\/02\/27\/aep-acuza-finantarea-campaniei-lui-nicusor-dan-pe-masa-parchetului\/","title":{"rendered":"AEP acuz\u0103: Finan\u021barea campaniei lui Nicu\u0219or Dan, pe masa Parchetului!"},"content":{"rendered":"<p>Autoritatea Electoral\u0103 Permanent\u0103 (AEP) a \u00eenaintat o sesizare c\u0103tre Parchetul General cu privire la aspectele financiare ale campaniei electorale a pre\u0219edintelui Nicu\u0219or Dan. Informa\u021bia a fost confirmat\u0103 printr-un document semnat de pre\u0219edintele AEP, Adrian \u021au\u021buianu, reprezentant al PSD, \u0219i a fost consultat de <a href=\"https:\/\/www.g4media.ro\/breaking-autoritatea-electorala-permanenta-a-sesizat-parchetul-general-in-privinta-finantarii-campaniei-electorale-a-presedintelui-nicusor-dan.html\" target=\"_blank\" rel=\"noopener\">G4Media<\/a>.<\/p>\n<p>Documentul subliniaz\u0103 faptul c\u0103, \u201e\u00een urma apari\u021biei unor suspiciuni privind s\u0103v\u00e2r\u0219irea unor fapte penale, Autoritatea Electoral\u0103 Permanent\u0103 a sesizat Parchetul de pe l\u00e2ng\u0103 \u00cenalta Curte de Casa\u021bie \u0219i Justi\u021bie\u201d.<\/p>\n<p>Conform celor men\u021bionate \u00een raport, \u201eechipa de control a verificat toate documentele referitoare la veniturile \u00eencasate \u0219i cheltuielile angajate de candidatul independent Nicu\u0219or-Daniel Dan\u201d.<\/p>\n<p>Rezultatele acestui control au relevat c\u0103 \u201eau fost efectuate pl\u0103\u021bi pentru cheltuieli electorale, f\u0103r\u0103 a se dovedi realitatea \u0219i exactitatea serviciilor prestate. De exemplu, au fost identificate cercet\u0103ri sociologice realizate \u00een afara campaniei electorale \u0219i materiale de propagand\u0103 electoral\u0103 produse de firme care nu aveau contracte valabile cu candidatul, conform documentelor depuse la AEP. Valoarea total\u0103 a acestor cheltuieli se ridic\u0103 la 870.384,10 lei, f\u0103r\u0103 respectarea prevederilor legale\u201d.<\/p>\n<p>\u00cen concluzie, documentul subliniaz\u0103 c\u0103, \u201e\u00een urma acestor suspiciuni privind posibile fapte penale, Autoritatea Electoral\u0103 Permanent\u0103 a sesizat Parchetul General\u201d pentru a lua m\u0103surile necesare. <\/p>\n","protected":false},"excerpt":{"rendered":"<p>Autoritatea Electoral\u0103 Permanent\u0103 (AEP) a \u00eenaintat o sesizare c\u0103tre Parchetul General cu privire la aspectele financiare ale campaniei electorale a pre\u0219edintelui Nicu\u0219or Dan. Informa\u021bia a fost confirmat\u0103 printr-un document semnat de pre\u0219edintele AEP, Adrian \u021au\u021buianu, reprezentant al PSD, \u0219i a fost consultat de G4Media. Documentul subliniaz\u0103 faptul c\u0103, \u201e\u00een urma apari\u021biei unor suspiciuni privind s\u0103v\u00e2r\u0219irea [&hellip;]<\/p>\n","protected":false},"author":2,"featured_media":5520,"comment_status":"open","ping_status":"open","sticky":false,"template":"","format":"standard","meta":{"jnews-multi-image_gallery":[],"jnews_single_post":[],"jnews_primary_category":[],"jnews_override_counter":[],"footnotes":""},"categories":[42],"tags":[8324,1055,8330,8329,8328,286,4506,8327],"class_list":["post-5519","post","type-post","status-publish","format-standard","has-post-thumbnail","hentry","category-politica","tag-autoritatea-electorala-permanenta","tag-campanie-electorala","tag-cheltuieli-electorale","tag-control-financiar","tag-fapte-penale","tag-nicusor-dan","tag-parchetul-general","tag-sesizare"],"_links":{"self":[{"href":"https:\/\/www.newsrecorder.ro\/app\/wp-json\/wp\/v2\/posts\/5519","targetHints":{"allow":["GET"]}}],"collection":[{"href":"https:\/\/www.newsrecorder.ro\/app\/wp-json\/wp\/v2\/posts"}],"about":[{"href":"https:\/\/www.newsrecorder.ro\/app\/wp-json\/wp\/v2\/types\/post"}],"author":[{"embeddable":true,"href":"https:\/\/www.newsrecorder.ro\/app\/wp-json\/wp\/v2\/users\/2"}],"replies":[{"embeddable":true,"href":"https:\/\/www.newsrecorder.ro\/app\/wp-json\/wp\/v2\/comments?post=5519"}],"version-history":[{"count":0,"href":"https:\/\/www.newsrecorder.ro\/app\/wp-json\/wp\/v2\/posts\/5519\/revisions"}],"wp:featuredmedia":[{"embeddable":true,"href":"https:\/\/www.newsrecorder.ro\/app\/wp-json\/wp\/v2\/media\/5520"}],"wp:attachment":[{"href":"https:\/\/www.newsrecorder.ro\/app\/wp-json\/wp\/v2\/media?parent=5519"}],"wp:term":[{"taxonomy":"category","embeddable":true,"href":"https:\/\/www.newsrecorder.ro\/app\/wp-json\/wp\/v2\/categories?post=5519"},{"taxonomy":"post_tag","embeddable":true,"href":"https:\/\/www.newsrecorder.ro\/app\/wp-json\/wp\/v2\/tags?post=5519"}],"curies":[{"name":"wp","href":"https:\/\/api.w.org\/{rel}","templated":true}]}}