{"id":5521,"date":"2026-02-27T11:13:12","date_gmt":"2026-02-27T11:13:12","guid":{"rendered":"https:\/\/www.newsrecorder.ro\/app\/2026\/02\/27\/guvernul-se-intalneste-cheltuieli-pentru-prefecti-si-derogari-ecologice\/"},"modified":"2026-02-27T11:13:12","modified_gmt":"2026-02-27T11:13:12","slug":"guvernul-se-intalneste-cheltuieli-pentru-prefecti-si-derogari-ecologice","status":"publish","type":"post","link":"https:\/\/www.newsrecorder.ro\/app\/2026\/02\/27\/guvernul-se-intalneste-cheltuieli-pentru-prefecti-si-derogari-ecologice\/","title":{"rendered":"Guvernul se \u00eent\u00e2lne\u0219te: Cheltuieli pentru prefec\u021bi \u0219i derog\u0103ri ecologice!"},"content":{"rendered":"<p data-start=\"193\" data-end=\"522\">Guvernul Rom\u00e2niei a anun\u021bat ast\u0103zi printr-o informare de pres\u0103 c\u0103 pe agenda \u0219edin\u021bei de la ora 11:00 se afl\u0103 un proiect de ordonan\u021b\u0103 de urgen\u021b\u0103 ce prevede derog\u0103ri de la articolele 22 alin. (71), 23 alin. (2) \u0219i 27 alin. (1) din Ordonan\u021ba de urgen\u021b\u0103 nr. 57\/2007, care reglementeaz\u0103 ariile naturale protejate, conservarea habitatelor naturale, a florei \u0219i faunei s\u0103lbatice.<\/p>\n<p data-start=\"193\" data-end=\"522\">De asemenea, Guvernul va dezbate un proiect de hot\u0103r\u00e2re privind prelungirea termenului de \u00eendeplinire a unei obliga\u021bii de compensare stipulate \u00eentr-un acord \u00eentre Oficiul de Compensare pentru Achizi\u021bii de Tehnic\u0103 Special\u0103 \u0219i compania Alenia Aermacchi S.p.A.<\/p>\n<p data-start=\"193\" data-end=\"522\">Este important de men\u021bionat c\u0103 pe agenda de ast\u0103zi a fost eliminat proiectul de ordonan\u021b\u0103 de urgen\u021b\u0103 ce viza modificarea \u0219i completarea unor acte normative \u00een domeniul fiscal-bugetar.<\/p>\n<p data-start=\"193\" data-end=\"522\">\u00cen cadrul \u00eent\u00e2lnirii, se vor analiza diverse acte normative, inclusiv modific\u0103ri \u00een domeniul fiscal-bugetar, stabilirea plafonului cheltuielilor pentru locuin\u021bele de serviciu, precum \u0219i cheltuielile pentru cazare \u0219i deplas\u0103ri ale prefec\u021bilor \u0219i subprefec\u021bilor. De asemenea, vor fi discutate m\u0103suri pentru sprijinirea producerii de biometan.<\/p>\n<p data-start=\"524\" data-end=\"1105\">Unul dintre proiectele de ordonan\u021b\u0103 propune m\u0103suri menite s\u0103 reduc\u0103 <strong>riscul nepl\u0103\u021bii accizelor<\/strong> \u0219i <strong>TVA<\/strong> de c\u0103tre operatorii economici ce comercializeaz\u0103 produse accizabile, \u00een special \u00een sectorul energetic.<\/p>\n<p data-start=\"524\" data-end=\"1105\">Acest document stipuleaz\u0103 c\u0103, printr-un ordin comun al pre\u0219edintelui ANAF \u0219i al pre\u0219edintelui Autorit\u0103\u021bii Vamale Rom\u00e2ne, vor fi stabilite condi\u021biile pentru ob\u021binerea <strong>atestatului de distribu\u021bie<\/strong> \u0219i <strong>comercializare angro<\/strong> pentru b\u0103uturi alcoolice, tutun prelucrat \u0219i produse energetice, inclusiv benzin\u0103, motorin\u0103, petrol lampant, gaz petrolier lichefiat, p\u0103cur\u0103 \u0219i biocombustibili.<\/p>\n<p data-start=\"1107\" data-end=\"1505\">Un alt proiect de ordonan\u021b\u0103 vizeaz\u0103 modificarea reglement\u0103rilor \u00een domeniul energiei pentru a sprijini <strong>producerea biometanului<\/strong>. Acesta va stabili obliga\u021biile \u0219i drepturile produc\u0103torilor, precum \u0219i condi\u021biile tehnice \u0219i financiare necesare pentru injectarea biometanului \u00een sistemele de transport \u0219i distribu\u021bie a gazelor naturale, comercializarea acestuia, racordarea la re\u021bele \u0219i colaborarea cu operatorii de sistem.<\/p>\n<p data-start=\"1507\" data-end=\"1904\">Pe agenda \u0219edin\u021bei se afl\u0103 \u0219i un proiect de hot\u0103r\u00e2re pentru <strong>suplimentarea sumei<\/strong> destinate desp\u0103gubirilor proprietarilor afecta\u021bi de lucr\u0103rile de interes na\u021bional pentru dezvoltarea carierei Tismana I din jude\u021bul Gorj, care are o capacitate de 5.000.000 tone\/an de lignit.<\/p>\n<p data-start=\"1507\" data-end=\"1904\">\u00cen plus, se propune modificarea hot\u0103r\u00e2rii privind clasificarea drumurilor publice \u0219i a celor de utilitate privat\u0103 deschise circula\u021biei.<\/p>\n<p data-start=\"1906\" data-end=\"2214\">\u00cencep\u00e2nd cu anul 2026, pentru fiecare <strong>func\u021bie de prefect<\/strong> sau <strong>subprefect<\/strong>, plafonul anual pentru cheltuielile legate de locuin\u021ba de serviciu, cazare \u0219i deplasarea dus-\u00eentors va fi stabilit la 18.000 de lei, ceea ce echivaleaz\u0103 cu 1.500 de lei lunar. Este important de subliniat c\u0103, \u00een cazurile \u00een care chiria dep\u0103\u0219e\u0219te acest plafon, suma decontat\u0103 nu va putea dep\u0103\u0219i valoarea contractului.<\/p>\n<p data-start=\"2216\" data-end=\"2503\">\u00cen cadrul \u0219edin\u021bei se vor discuta \u0219i eliber\u0103ri sau numiri de prefec\u021bi \u0219i subprefec\u021bi, declararea unui teren ca bun de interes public na\u021bional, care va fi \u00eencredin\u021bat Teatrului Na\u021bional \u201eMarin Sorescu\u201d din Craiova. De asemenea, Guvernul va analiza un memorandum referitor la Programul legislativ pentru anul 2026.<\/p>\n","protected":false},"excerpt":{"rendered":"<p>Guvernul Rom\u00e2niei a anun\u021bat ast\u0103zi printr-o informare de pres\u0103 c\u0103 pe agenda \u0219edin\u021bei de la ora 11:00 se afl\u0103 un proiect de ordonan\u021b\u0103 de urgen\u021b\u0103 ce prevede derog\u0103ri de la articolele 22 alin. (71), 23 alin. (2) \u0219i 27 alin. (1) din Ordonan\u021ba de urgen\u021b\u0103 nr. 57\/2007, care reglementeaz\u0103 ariile naturale protejate, conservarea habitatelor naturale, [&hellip;]<\/p>\n","protected":false},"author":2,"featured_media":5522,"comment_status":"open","ping_status":"open","sticky":false,"template":"","format":"standard","meta":{"jnews-multi-image_gallery":[],"jnews_single_post":[],"jnews_primary_category":[],"jnews_override_counter":[],"footnotes":""},"categories":[42],"tags":[8334,4673,8331,8332,8335,8333,4889,1704],"class_list":["post-5521","post","type-post","status-publish","format-standard","has-post-thumbnail","hentry","category-politica","tag-acord-de-compensare","tag-acte-normative","tag-ariile-naturale-protejate","tag-conservarea-habitatelor","tag-domeniul-fiscal-bugetar","tag-flora-si-fauna","tag-guvernul-romaniei","tag-ordonanta-de-urgenta"],"_links":{"self":[{"href":"https:\/\/www.newsrecorder.ro\/app\/wp-json\/wp\/v2\/posts\/5521","targetHints":{"allow":["GET"]}}],"collection":[{"href":"https:\/\/www.newsrecorder.ro\/app\/wp-json\/wp\/v2\/posts"}],"about":[{"href":"https:\/\/www.newsrecorder.ro\/app\/wp-json\/wp\/v2\/types\/post"}],"author":[{"embeddable":true,"href":"https:\/\/www.newsrecorder.ro\/app\/wp-json\/wp\/v2\/users\/2"}],"replies":[{"embeddable":true,"href":"https:\/\/www.newsrecorder.ro\/app\/wp-json\/wp\/v2\/comments?post=5521"}],"version-history":[{"count":0,"href":"https:\/\/www.newsrecorder.ro\/app\/wp-json\/wp\/v2\/posts\/5521\/revisions"}],"wp:featuredmedia":[{"embeddable":true,"href":"https:\/\/www.newsrecorder.ro\/app\/wp-json\/wp\/v2\/media\/5522"}],"wp:attachment":[{"href":"https:\/\/www.newsrecorder.ro\/app\/wp-json\/wp\/v2\/media?parent=5521"}],"wp:term":[{"taxonomy":"category","embeddable":true,"href":"https:\/\/www.newsrecorder.ro\/app\/wp-json\/wp\/v2\/categories?post=5521"},{"taxonomy":"post_tag","embeddable":true,"href":"https:\/\/www.newsrecorder.ro\/app\/wp-json\/wp\/v2\/tags?post=5521"}],"curies":[{"name":"wp","href":"https:\/\/api.w.org\/{rel}","templated":true}]}}