{"id":5523,"date":"2026-02-27T11:13:26","date_gmt":"2026-02-27T11:13:26","guid":{"rendered":"https:\/\/www.newsrecorder.ro\/app\/2026\/02\/27\/nicusor-dan-aproba-legea-pensiilor-magistratilor-un-pas-spre-echitate\/"},"modified":"2026-02-27T11:13:26","modified_gmt":"2026-02-27T11:13:26","slug":"nicusor-dan-aproba-legea-pensiilor-magistratilor-un-pas-spre-echitate","status":"publish","type":"post","link":"https:\/\/www.newsrecorder.ro\/app\/2026\/02\/27\/nicusor-dan-aproba-legea-pensiilor-magistratilor-un-pas-spre-echitate\/","title":{"rendered":"Nicu\u0219or Dan aprob\u0103 legea pensiilor magistra\u021bilor: un pas spre echitate!"},"content":{"rendered":"<p>Nicu\u0219or Dan a declarat vineri diminea\u021b\u0103 c\u0103 a promulgat legea privind pensiile magistra\u021bilor, dup\u0103 ce decizia Cur\u021bii Constitu\u021bionale a fost publicat\u0103 \u00een Monitorul Oficial.<\/p>\n<p>\u201e<strong>Recalcularea modului de calcul al acestor pensii este un gest de echitate, a\u0219teptat de societatea noastr\u0103. \u00cencrederea cet\u0103\u021benilor \u00een stat se rec\u00e2\u0219tig\u0103 atunci c\u00e2nd reformele dorite de societate devin realitate, iar promisiunile sunt respectate<\/strong>\u201d, a subliniat Nicu\u0219or Dan.<\/p>\n<p>Pre\u0219edintele a transmis, de asemenea, un mesaj clar sistemului judiciar, asigur\u00e2nd c\u0103 reforma nu afecteaz\u0103 importan\u021ba sau independen\u021ba magistra\u021bilor. \u201e<strong>\u00cei asigur pe magistra\u021bi c\u0103 munca lor este apreciat\u0103, iar rolul lor \u00een structura statului este complet recunoscut. Independen\u021ba justi\u021biei r\u0103m\u00e2ne un pilon fundamental al democra\u021biei rom\u00e2ne\u0219ti<\/strong>\u201d, a ad\u0103ugat acesta.<\/p>\n<p>Mai mult, Nicu\u0219or Dan a promis sprijin pentru \u00eembun\u0103t\u0103\u021birea condi\u021biilor de munc\u0103 din sistemul judiciar. \u201eVoi sus\u021bine m\u0103surile legislative \u0219i administrative solicitate de corpul profesional pentru optimizarea condi\u021biilor \u00een care ace\u0219tia \u00ee\u0219i desf\u0103\u0219oar\u0103 activitatea. Reforma trebuie s\u0103 mearg\u0103 m\u00e2n\u0103 \u00een m\u00e2n\u0103 cu respectul fa\u021b\u0103 de profesioni\u0219tii care asigur\u0103 func\u021bionarea justi\u021biei\u201d, a mai declarat el.<\/p>\n<p>Curtea Constitu\u021bional\u0103 a publicat joi, \u00een Monitorul Oficial, motivarea referitoare la controversata lege a pensiilor de serviciu pentru magistra\u021bi, care a fost declarat\u0103 constitu\u021bional\u0103 cu c\u00e2teva zile \u00een urm\u0103. Votul \u00een cadrul CCR a fost de 6 la 3, iar mai mul\u021bi judec\u0103tori au formulat opinii separate.<\/p>\n<p>\u00centr-o <strong><a href=\"https:\/\/www.ccr.ro\/wp-content\/uploads\/2026\/02\/Decizie_153_2026.pdf\">motivare de 40 de pagini<\/a><\/strong>, judec\u0103torii CCR explic\u0103 de ce au respins sesizarea CJUE, subliniind c\u0103 instan\u021ba european\u0103 nu se pronun\u021b\u0103 cu privire la conformitatea normelor de drept intern cu legisla\u021bia UE \u0219i nu ofer\u0103 avize consultative generale. CCR a afirmat c\u0103 admisibilitatea \u00eentreb\u0103rilor preliminare depinde de o cauz\u0103 aflat\u0103 \u00een instan\u021b\u0103 \u0219i de \u201eutilitatea real\u0103\u201d a r\u0103spunsului CJUE.<\/p>\n<p>Recent, \u0219efii celor 16 Cur\u021bi de Apel din Rom\u00e2nia, al\u0103turi de <strong><a href=\"https:\/\/www.mediafax.ro\/stirile-zilei\/unjr-ii-cere-presedintelui-nicusor-dan-sa-retrimita-in-parlament-legea-privind-pensiile-magistratilor-acuzatii-pentru-premierul-ilie-bolojan-ministrul-radu-miruta-si-cristian-ghinea-23692766\">UNJR<\/a><\/strong>, i-au solicitat pre\u0219edintelui Rom\u00e2niei, Nicu\u0219or Dan, s\u0103 retrimit\u0103 legea la Parlament pentru reexaminare. Judec\u0103torii consider\u0103 c\u0103 proiectul \u00eencalc\u0103 statutul magistratului, gener\u00e2nd trei categorii de pensionari speciali \u0219i discrimin\u0103ri \u00een sistemul de justi\u021bie.<\/p>\n<p>Administra\u021bia Preziden\u021bial\u0103 a comunicat c\u0103 Nicu\u0219or Dan a a\u0219teptat motivarea CCR pentru a promulga legea, astfel \u00eenc\u00e2t aceasta s\u0103 intre \u00een vigoare.<\/p>\n<p>Curtea Suprem\u0103 de Justi\u021bie, care a formulat sesizarea de neconstitu\u021bionalitate, <strong><a href=\"https:\/\/www.mediafax.ro\/stirile-zilei\/csm-anunta-ca-lupta-prin-instante-pentru-sesizarea-cjue-pe-reforma-pensiilor-magistratilor-suntem-obligati-sa-identificam-masuri-ca-justitia-sa-nu-intre-in-colaps-sistemic-23689051\">a anun\u021bat<\/a><\/strong> c\u0103, dup\u0103 decizia CCR, va folosi toate mijloacele legale \u0219i institu\u021bionale pentru a ap\u0103ra independen\u021ba justi\u021biei, inclusiv prin sesizarea institu\u021biilor europene competente.<\/p>\n","protected":false},"excerpt":{"rendered":"<p>Nicu\u0219or Dan a declarat vineri diminea\u021b\u0103 c\u0103 a promulgat legea privind pensiile magistra\u021bilor, dup\u0103 ce decizia Cur\u021bii Constitu\u021bionale a fost publicat\u0103 \u00een Monitorul Oficial. \u201eRecalcularea modului de calcul al acestor pensii este un gest de echitate, a\u0219teptat de societatea noastr\u0103. \u00cencrederea cet\u0103\u021benilor \u00een stat se rec\u00e2\u0219tig\u0103 atunci c\u00e2nd reformele dorite de societate devin realitate, iar [&hellip;]<\/p>\n","protected":false},"author":2,"featured_media":5524,"comment_status":"open","ping_status":"open","sticky":false,"template":"","format":"standard","meta":{"jnews-multi-image_gallery":[],"jnews_single_post":[],"jnews_primary_category":[],"jnews_override_counter":[],"footnotes":""},"categories":[42],"tags":[7598,8338,6018,8337,286,4204,8336,3176],"class_list":["post-5523","post","type-post","status-publish","format-standard","has-post-thumbnail","hentry","category-politica","tag-conditii-de-munca","tag-democratie-romaneasca","tag-echitate","tag-independenta-justitiei","tag-nicusor-dan","tag-pensiile-magistratilor","tag-reforma-justitie","tag-sistem-judiciar"],"_links":{"self":[{"href":"https:\/\/www.newsrecorder.ro\/app\/wp-json\/wp\/v2\/posts\/5523","targetHints":{"allow":["GET"]}}],"collection":[{"href":"https:\/\/www.newsrecorder.ro\/app\/wp-json\/wp\/v2\/posts"}],"about":[{"href":"https:\/\/www.newsrecorder.ro\/app\/wp-json\/wp\/v2\/types\/post"}],"author":[{"embeddable":true,"href":"https:\/\/www.newsrecorder.ro\/app\/wp-json\/wp\/v2\/users\/2"}],"replies":[{"embeddable":true,"href":"https:\/\/www.newsrecorder.ro\/app\/wp-json\/wp\/v2\/comments?post=5523"}],"version-history":[{"count":0,"href":"https:\/\/www.newsrecorder.ro\/app\/wp-json\/wp\/v2\/posts\/5523\/revisions"}],"wp:featuredmedia":[{"embeddable":true,"href":"https:\/\/www.newsrecorder.ro\/app\/wp-json\/wp\/v2\/media\/5524"}],"wp:attachment":[{"href":"https:\/\/www.newsrecorder.ro\/app\/wp-json\/wp\/v2\/media?parent=5523"}],"wp:term":[{"taxonomy":"category","embeddable":true,"href":"https:\/\/www.newsrecorder.ro\/app\/wp-json\/wp\/v2\/categories?post=5523"},{"taxonomy":"post_tag","embeddable":true,"href":"https:\/\/www.newsrecorder.ro\/app\/wp-json\/wp\/v2\/tags?post=5523"}],"curies":[{"name":"wp","href":"https:\/\/api.w.org\/{rel}","templated":true}]}}