{"id":5527,"date":"2026-02-27T11:14:07","date_gmt":"2026-02-27T11:14:07","guid":{"rendered":"https:\/\/www.newsrecorder.ro\/app\/2026\/02\/27\/sua-evacueaza-personalul-ambasadei-din-israel-din-motive-de-siguranta\/"},"modified":"2026-02-27T11:14:07","modified_gmt":"2026-02-27T11:14:07","slug":"sua-evacueaza-personalul-ambasadei-din-israel-din-motive-de-siguranta","status":"publish","type":"post","link":"https:\/\/www.newsrecorder.ro\/app\/2026\/02\/27\/sua-evacueaza-personalul-ambasadei-din-israel-din-motive-de-siguranta\/","title":{"rendered":"SUA evacueaz\u0103 personalul ambasadei din Israel din motive de siguran\u021b\u0103!"},"content":{"rendered":"<p>Ambasada nu a oferit informa\u021bii detaliate referitoare la riscurile de securitate care au condus la implementarea unei \u201eplec\u0103ri autorizate\u201d. Aceast\u0103 m\u0103sur\u0103 permite personalului afectat s\u0103 decid\u0103 dac\u0103 dore\u0219te s\u0103 p\u0103r\u0103seasc\u0103 sau nu zona. Este important de men\u021bionat c\u0103 aceasta nu se compar\u0103 cu plecarea ordonat\u0103 care a fost instituit\u0103 recent pentru o parte din personalul Ambasadei SUA din Beirut, conform unui raport publicat de <a href=\"https:\/\/www.reuters.com\/world\/middle-east\/us-allows-some-embassy-staff-leave-israel-citing-safety-risks-2026-02-27\/\" target=\"_blank\" rel=\"noopener\">Reuters<\/a>.<\/p>\n<p>\u00cen contextul actual, Statele Unite au desf\u0103\u0219urat una dintre cele mai mari mobiliz\u0103ri militare din Orientul Mijlociu, \u00een timp ce continu\u0103 negocierile cu Iranul referitoare la programul nuclear al Republicii Islamice. Ultima rund\u0103 de discu\u021bii s-a \u00eencheiat joi f\u0103r\u0103 a aduce progrese vizibile.<\/p>\n<p>Iranul a avertizat c\u0103 va r\u0103spunde cu atacuri asupra bazei americane din regiune \u00een cazul \u00een care va fi atacat, ceea ce ar putea duce la o escaladare a conflictului \u0219i implicarea Israelului. Este de men\u021bionat c\u0103 cei doi adversari au fost implica\u021bi \u00eentr-un conflict de 12 zile \u00een luna iunie.<\/p>\n<p>Pe fondul tensiunilor cresc\u00e2nde dintre Washington \u0219i Teheran, mai multe state au \u00eenceput s\u0103-\u0219i retrag\u0103 personalul diplomatic neesen\u021bial din anumite loca\u021bii din Orientul Mijlociu sau au emis recomand\u0103ri pentru cet\u0103\u021beni de a evita c\u0103l\u0103toriile \u00een Iran.<\/p>\n","protected":false},"excerpt":{"rendered":"<p>Ambasada nu a oferit informa\u021bii detaliate referitoare la riscurile de securitate care au condus la implementarea unei \u201eplec\u0103ri autorizate\u201d. Aceast\u0103 m\u0103sur\u0103 permite personalului afectat s\u0103 decid\u0103 dac\u0103 dore\u0219te s\u0103 p\u0103r\u0103seasc\u0103 sau nu zona. Este important de men\u021bionat c\u0103 aceasta nu se compar\u0103 cu plecarea ordonat\u0103 care a fost instituit\u0103 recent pentru o parte din personalul [&hellip;]<\/p>\n","protected":false},"author":2,"featured_media":5528,"comment_status":"open","ping_status":"open","sticky":false,"template":"","format":"standard","meta":{"jnews-multi-image_gallery":[],"jnews_single_post":[],"jnews_primary_category":[],"jnews_override_counter":[],"footnotes":""},"categories":[41],"tags":[4404,8345,913,268,8344,8343,1080,874],"class_list":["post-5527","post","type-post","status-publish","format-standard","has-post-thumbnail","hentry","category-externe","tag-ambasada","tag-escaladare-conflict","tag-iran","tag-israel","tag-mobilizari-militare","tag-plecare-autorizata","tag-program-nuclear","tag-securitate"],"_links":{"self":[{"href":"https:\/\/www.newsrecorder.ro\/app\/wp-json\/wp\/v2\/posts\/5527","targetHints":{"allow":["GET"]}}],"collection":[{"href":"https:\/\/www.newsrecorder.ro\/app\/wp-json\/wp\/v2\/posts"}],"about":[{"href":"https:\/\/www.newsrecorder.ro\/app\/wp-json\/wp\/v2\/types\/post"}],"author":[{"embeddable":true,"href":"https:\/\/www.newsrecorder.ro\/app\/wp-json\/wp\/v2\/users\/2"}],"replies":[{"embeddable":true,"href":"https:\/\/www.newsrecorder.ro\/app\/wp-json\/wp\/v2\/comments?post=5527"}],"version-history":[{"count":0,"href":"https:\/\/www.newsrecorder.ro\/app\/wp-json\/wp\/v2\/posts\/5527\/revisions"}],"wp:featuredmedia":[{"embeddable":true,"href":"https:\/\/www.newsrecorder.ro\/app\/wp-json\/wp\/v2\/media\/5528"}],"wp:attachment":[{"href":"https:\/\/www.newsrecorder.ro\/app\/wp-json\/wp\/v2\/media?parent=5527"}],"wp:term":[{"taxonomy":"category","embeddable":true,"href":"https:\/\/www.newsrecorder.ro\/app\/wp-json\/wp\/v2\/categories?post=5527"},{"taxonomy":"post_tag","embeddable":true,"href":"https:\/\/www.newsrecorder.ro\/app\/wp-json\/wp\/v2\/tags?post=5527"}],"curies":[{"name":"wp","href":"https:\/\/api.w.org\/{rel}","templated":true}]}}