{"id":5547,"date":"2026-02-27T11:38:38","date_gmt":"2026-02-27T11:38:38","guid":{"rendered":"https:\/\/www.newsrecorder.ro\/app\/2026\/02\/27\/comandantul-garzii-nationale-ucraina-nepregatita-pentru-invazie-masiva\/"},"modified":"2026-02-27T11:38:38","modified_gmt":"2026-02-27T11:38:38","slug":"comandantul-garzii-nationale-ucraina-nepregatita-pentru-invazie-masiva","status":"publish","type":"post","link":"https:\/\/www.newsrecorder.ro\/app\/2026\/02\/27\/comandantul-garzii-nationale-ucraina-nepregatita-pentru-invazie-masiva\/","title":{"rendered":"Comandantul G\u0103rzii Na\u021bionale: Ucraina, nepreg\u0103tit\u0103 pentru invazie masiv\u0103!"},"content":{"rendered":"<p>\u00centr-un interviu recent, Pivnenko a discutat despre impactul invaziei ruse asupra Ucrainei, eviden\u021biind c\u0103, la \u00eenceputul conflictului, for\u021bele Moscovei au reu\u0219it s\u0103 ocupe aproximativ 5.000 de kilometri p\u0103tra\u021bi din teritoriu ucrainean. Acest lucru a fost v\u0103zut ca un succes strategic pentru Rusia \u0219i o pierdere considerabil\u0103 pentru Ucraina, conform informa\u021biilor furnizate de <a href=\"https:\/\/www.kyivpost.com\/post\/70832\" target=\"_blank\" rel=\"noopener\">Kyiv Post<\/a>.<\/p>\n<p>Comandantul a subliniat c\u0103 lipsa de preg\u0103tire a ap\u0103r\u0103rii Ucrainei a fost un factor major \u00een incapacitatea de a opri avansul rapid al trupelor ruse. \u201eNu eram preg\u0103ti\u021bi. De aceea am pierdut mult la \u00eenceput. Dac\u0103 am fi ac\u021bionat mai eficient, lucrurile ar fi stat diferit\u201d, a declarat Pivnenko, exprim\u00e2ndu-\u0219i regretul pentru situa\u021bia ini\u021bial\u0103.<\/p>\n<p>El a subliniat importan\u021ba distrugerii podurilor \u0219i a pozi\u021bion\u0103rii strategice a trupelor, care ar fi putut reduce pierderile teritoriale semnificative. Pivnenko a adus \u00een discu\u021bie exemplul Israelului, o na\u021biune mic\u0103, dar cu o ap\u0103rare preventiv\u0103 eficient\u0103, care reac\u021bioneaz\u0103 rapid pe baza informa\u021biilor disponibile \u0219i atac\u0103 preventiv pentru a evita escaladarea conflictelor. \u201eDac\u0103 \u0219tim c\u0103 inamicul se preg\u0103te\u0219te s\u0103 \u00eenainteze, trebuie s\u0103 direc\u021bion\u0103m toate resursele disponibile pentru a-i distruge punctele de concentrare\u201d, a explicat el.<\/p>\n<p>\u00cen contextul actual, Pivnenko a abordat \u0219i tema consolid\u0103rii capacit\u0103\u021bilor \u00een domeniul dronelor, consider\u00e2nd-o esen\u021bial\u0103 pentru men\u021binerea ap\u0103r\u0103rii Ucrainei. \u201eComponenta noastr\u0103 de drone nu este la nivelul necesar. Dac\u0103 o ridic\u0103m, putem \u00eempiedica inamicul s\u0103 avanseze mai ad\u00e2nc\u201d, a afirmat el, subliniind necesitatea \u00eembun\u0103t\u0103\u021birii acestei tehnologii.<\/p>\n<p>De asemenea, el a eviden\u021biat importan\u021ba unei ap\u0103r\u0103ri active \u0219i sus\u021binute, care s\u0103 limiteze ofensiva inamicului f\u0103r\u0103 a expune trupele la riscuri inutile. \u201eEste esen\u021bial s\u0103 r\u0103m\u00e2nem fermi. Nu trebuie s\u0103 invent\u0103m nimic, trebuie s\u0103 men\u021binem stabilitatea ap\u0103r\u0103rii Ucrainei \u0219i s\u0103 \u00eempiedic\u0103m orice c\u00e2\u0219tig al inamicului\u201d, a concluzionat Pivnenko, l\u0103s\u00e2nd loc pentru reflec\u021bie asupra strategiei de ap\u0103rare na\u021bional\u0103.<\/p>\n","protected":false},"excerpt":{"rendered":"<p>\u00centr-un interviu recent, Pivnenko a discutat despre impactul invaziei ruse asupra Ucrainei, eviden\u021biind c\u0103, la \u00eenceputul conflictului, for\u021bele Moscovei au reu\u0219it s\u0103 ocupe aproximativ 5.000 de kilometri p\u0103tra\u021bi din teritoriu ucrainean. Acest lucru a fost v\u0103zut ca un succes strategic pentru Rusia \u0219i o pierdere considerabil\u0103 pentru Ucraina, conform informa\u021biilor furnizate de Kyiv Post. Comandantul [&hellip;]<\/p>\n","protected":false},"author":2,"featured_media":5548,"comment_status":"open","ping_status":"open","sticky":false,"template":"","format":"standard","meta":{"jnews-multi-image_gallery":[],"jnews_single_post":[],"jnews_primary_category":[],"jnews_override_counter":[],"footnotes":""},"categories":[41],"tags":[684,4050,8375,8376,7997,681,8374,682],"class_list":["post-5547","post","type-post","status-publish","format-standard","has-post-thumbnail","hentry","category-externe","tag-conflict","tag-invazie","tag-pierderi-teritoriale","tag-pivnenko","tag-pregatire","tag-rusia","tag-strategii-militare","tag-ucraina"],"_links":{"self":[{"href":"https:\/\/www.newsrecorder.ro\/app\/wp-json\/wp\/v2\/posts\/5547","targetHints":{"allow":["GET"]}}],"collection":[{"href":"https:\/\/www.newsrecorder.ro\/app\/wp-json\/wp\/v2\/posts"}],"about":[{"href":"https:\/\/www.newsrecorder.ro\/app\/wp-json\/wp\/v2\/types\/post"}],"author":[{"embeddable":true,"href":"https:\/\/www.newsrecorder.ro\/app\/wp-json\/wp\/v2\/users\/2"}],"replies":[{"embeddable":true,"href":"https:\/\/www.newsrecorder.ro\/app\/wp-json\/wp\/v2\/comments?post=5547"}],"version-history":[{"count":0,"href":"https:\/\/www.newsrecorder.ro\/app\/wp-json\/wp\/v2\/posts\/5547\/revisions"}],"wp:featuredmedia":[{"embeddable":true,"href":"https:\/\/www.newsrecorder.ro\/app\/wp-json\/wp\/v2\/media\/5548"}],"wp:attachment":[{"href":"https:\/\/www.newsrecorder.ro\/app\/wp-json\/wp\/v2\/media?parent=5547"}],"wp:term":[{"taxonomy":"category","embeddable":true,"href":"https:\/\/www.newsrecorder.ro\/app\/wp-json\/wp\/v2\/categories?post=5547"},{"taxonomy":"post_tag","embeddable":true,"href":"https:\/\/www.newsrecorder.ro\/app\/wp-json\/wp\/v2\/tags?post=5547"}],"curies":[{"name":"wp","href":"https:\/\/api.w.org\/{rel}","templated":true}]}}