{"id":555,"date":"2026-01-24T08:36:52","date_gmt":"2026-01-24T08:36:52","guid":{"rendered":"https:\/\/www.newsrecorder.ro\/app\/2026\/01\/24\/jd-vance-viziteaza-azerbaidjan-si-armenia-anunt-surpriza-de-trump\/"},"modified":"2026-01-24T08:36:52","modified_gmt":"2026-01-24T08:36:52","slug":"jd-vance-viziteaza-azerbaidjan-si-armenia-anunt-surpriza-de-trump","status":"publish","type":"post","link":"https:\/\/www.newsrecorder.ro\/app\/2026\/01\/24\/jd-vance-viziteaza-azerbaidjan-si-armenia-anunt-surpriza-de-trump\/","title":{"rendered":"JD Vance viziteaz\u0103 Azerbaidjan \u0219i Armenia: Anun\u021b surpriz\u0103 de Trump!"},"content":{"rendered":"<p>Vicepre\u0219edintele Statelor Unite, JD Vance, va efectua o vizit\u0103 \u00een Azerbaidjan \u0219i Armenia luna viitoare, conform anun\u021bului f\u0103cut vineri de pre\u0219edintele Donald Trump.<\/p>\n<p>Aceast\u0103 vizit\u0103 intervine la c\u00e2teva luni dup\u0103 semnarea unui acord de pace \u00eentre cele dou\u0103 \u021b\u0103ri, eveniment ce a avut loc la Washington, conform informa\u021biilor furnizate de <a href=\"https:\/\/www.reuters.com\/world\/trump-says-us-vp-headed-azerbaijan-armenia-next-month-2026-01-24\/\">Reuters<\/a>.<\/p>\n<p>Trump a declarat c\u0103 scopul c\u0103l\u0103toriei lui JD Vance este de a \u201epromova Traseul Trump pentru pace \u0219i prosperitate interna\u021bional\u0103\u201d, referindu-se la acordul de pace semnat \u00een luna august \u00eentre Azerbaidjan \u0219i Armenia.<\/p>\n<p>\u00centr-un mesaj postat pe re\u021beaua sa de socializare, pre\u0219edintele american a adus mai multe detalii despre aceast\u0103 vizit\u0103. \u201eVom consolida parteneriatul nostru strategic cu Azerbaidjanul, un acord frumos pentru cooperare nuclear\u0103 pa\u0219nic\u0103 cu Armenia, acorduri pentru marii no\u0219tri produc\u0103tori de semiconductori \u0219i v\u00e2nzarea de echipamente de ap\u0103rare fabricate \u00een SUA, precum veste antiglon\u021b \u0219i b\u0103rci, \u0219i multe altele, c\u0103tre Azerbaidjan\u201d, a scris Trump pe platforma Truth Social.<\/p>\n<p>Acordul de pace semnat \u00een august a fost rezultatul a aproape patruzeci de ani de conflict \u00eentre Armenia \u0219i Azerbaidjan, centrul disputei fiind regiunea muntoas\u0103 Nagorno-Karabakh.<\/p>\n<p>Conform termenilor acordului, cele dou\u0103 na\u021biuni au renun\u021bat la orice preten\u021bii teritoriale una fa\u021b\u0103 de cealalt\u0103 \u0219i au convenit s\u0103 evite utilizarea for\u021bei, angaj\u00e2ndu-se s\u0103 respecte normele dreptului interna\u021bional.<\/p>\n<p>\u00cen cursul zilei de vineri, Donald Trump a exprimat recuno\u0219tin\u021b\u0103 liderilor ambelor \u021b\u0103ri pentru respectarea angajamentelor asumate, subliniind c\u0103 situa\u021bia actual\u0103 aduce \u201eprosperitate \u0219i pace\u201d.<\/p>\n<p>La \u00eenceputul acestei s\u0103pt\u0103m\u00e2ni, Armenia a anun\u021bat inten\u021bia de a conecta sistemele sale energetice cu cele ale Azerbaidjanului. Aceast\u0103 m\u0103sur\u0103 are scopul de a facilita importurile \u0219i exporturile de energie electric\u0103 \u0219i face parte dintr-un proiect sus\u021binut de Statele Unite.<\/p>\n","protected":false},"excerpt":{"rendered":"<p>Vicepre\u0219edintele Statelor Unite, JD Vance, va efectua o vizit\u0103 \u00een Azerbaidjan \u0219i Armenia luna viitoare, conform anun\u021bului f\u0103cut vineri de pre\u0219edintele Donald Trump. Aceast\u0103 vizit\u0103 intervine la c\u00e2teva luni dup\u0103 semnarea unui acord de pace \u00eentre cele dou\u0103 \u021b\u0103ri, eveniment ce a avut loc la Washington, conform informa\u021biilor furnizate de Reuters. Trump a declarat c\u0103 [&hellip;]<\/p>\n","protected":false},"author":2,"featured_media":556,"comment_status":"open","ping_status":"open","sticky":false,"template":"","format":"standard","meta":{"jnews-multi-image_gallery":[],"jnews_single_post":[],"jnews_primary_category":[],"jnews_override_counter":[],"footnotes":""},"categories":[41],"tags":[903,902,901,904,31,906,900,905],"class_list":["post-555","post","type-post","status-publish","format-standard","has-post-thumbnail","hentry","category-externe","tag-acord-de-pace","tag-armenia","tag-azerbaidjan","tag-cooperare-nucleara","tag-jnews_demo_donald-trump","tag-echipamente-de-aparare","tag-jd-vance","tag-parteneriat-strategic"],"_links":{"self":[{"href":"https:\/\/www.newsrecorder.ro\/app\/wp-json\/wp\/v2\/posts\/555","targetHints":{"allow":["GET"]}}],"collection":[{"href":"https:\/\/www.newsrecorder.ro\/app\/wp-json\/wp\/v2\/posts"}],"about":[{"href":"https:\/\/www.newsrecorder.ro\/app\/wp-json\/wp\/v2\/types\/post"}],"author":[{"embeddable":true,"href":"https:\/\/www.newsrecorder.ro\/app\/wp-json\/wp\/v2\/users\/2"}],"replies":[{"embeddable":true,"href":"https:\/\/www.newsrecorder.ro\/app\/wp-json\/wp\/v2\/comments?post=555"}],"version-history":[{"count":0,"href":"https:\/\/www.newsrecorder.ro\/app\/wp-json\/wp\/v2\/posts\/555\/revisions"}],"wp:featuredmedia":[{"embeddable":true,"href":"https:\/\/www.newsrecorder.ro\/app\/wp-json\/wp\/v2\/media\/556"}],"wp:attachment":[{"href":"https:\/\/www.newsrecorder.ro\/app\/wp-json\/wp\/v2\/media?parent=555"}],"wp:term":[{"taxonomy":"category","embeddable":true,"href":"https:\/\/www.newsrecorder.ro\/app\/wp-json\/wp\/v2\/categories?post=555"},{"taxonomy":"post_tag","embeddable":true,"href":"https:\/\/www.newsrecorder.ro\/app\/wp-json\/wp\/v2\/tags?post=555"}],"curies":[{"name":"wp","href":"https:\/\/api.w.org\/{rel}","templated":true}]}}