{"id":5563,"date":"2026-02-27T12:09:49","date_gmt":"2026-02-27T12:09:49","guid":{"rendered":"https:\/\/www.newsrecorder.ro\/app\/2026\/02\/27\/un-nou-simbol-naste-speranta-la-25-de-ani-de-la-11-septembrie\/"},"modified":"2026-02-27T12:09:49","modified_gmt":"2026-02-27T12:09:49","slug":"un-nou-simbol-naste-speranta-la-25-de-ani-de-la-11-septembrie","status":"publish","type":"post","link":"https:\/\/www.newsrecorder.ro\/app\/2026\/02\/27\/un-nou-simbol-naste-speranta-la-25-de-ani-de-la-11-septembrie\/","title":{"rendered":"Un nou simbol na\u0219te speran\u021b\u0103 la 25 de ani de la 11 septembrie!"},"content":{"rendered":"<p>La aproape 25 de ani de la atacurile devastatoare din 11 septembrie, reconstruc\u021bia complexului World Trade Center se \u00eendreapt\u0103 spre final. Unul dintre cele mai a\u0219teptate proiecte, turnul 2 World Trade Center, urmeaz\u0103 s\u0103 \u00eenceap\u0103 construc\u021bia \u00een prim\u0103vara aceasta. Cu o \u00een\u0103l\u021bime impresionant\u0103 de 374 de metri, acest turn va deveni noul sediu central al Companiei American Express, conform informa\u021biilor furnizate de <a style=\"color: #0000ff\" href=\"https:\/\/newatlas.com\/architecture\/2-world-trade-center-american-express\/\" target=\"_blank\" rel=\"noopener\">NewAtlas<\/a>.<\/p>\n<p><strong>Un nou zg\u00e2rie-nori pe linia orizontului<\/strong><\/p>\n<p>Turnul, ce va fi situat la 200 Greenwich Street pe un teren de\u021binut de Autoritatea Portuar\u0103 din New York \u0219i New Jersey, va avea 55 de etaje \u0219i va oferi aproape 186.000 de metri p\u0103tra\u021bi de spa\u021biu interior. Proiectat de renumita firm\u0103 Foster + Partners, cl\u0103direa va prezenta o form\u0103 rectangular\u0103 din sticl\u0103, \u00eenso\u021bit\u0103 de terase \u0219i gr\u0103dini strategice la col\u021buri. Versiunile anterioare ale proiectului au fost revizuite, duc\u00e2nd la stabilirea conceptului final.<\/p>\n<p><strong>Impact economic \u0219i creare de locuri de munc\u0103<\/strong><\/p>\n<p>Dezvoltat de Silverstein Properties, acest proiect reprezint\u0103 o investi\u021bie semnificativ\u0103 \u00een Lower Manhattan, iar oficialii estimeaz\u0103 c\u0103 vor fi create peste 3.200 de locuri de munc\u0103 \u00een sectorul construc\u021biilor. Se preconizeaz\u0103 c\u0103 dezvoltarea va aduce aproape 6 miliarde de dolari \u00een economia ora\u0219ului New York.<\/p>\n<p>Autorit\u0103\u021bile locale afirm\u0103 c\u0103 turnul va \u00eent\u0103ri pozi\u021bia Downtown Manhattan ca un centru global de afaceri. Reprezentan\u021bii Autorit\u0103\u021bii Portuare consider\u0103 c\u0103 proiectul va deveni un reper important pentru viitorul economic al regiunii.<\/p>\n<p><strong>Design inteligent \u0219i obiective de sustenabilitate<\/strong><\/p>\n<p>American Express pl\u0103nuie\u0219te s\u0103 integreze tehnologii moderne de tip smart building \u00een noul s\u0103u turn. Cl\u0103direa va fi dotat\u0103 cu sisteme eficiente energetic \u0219i va urm\u0103ri certificarea ecologic\u0103 LEED. Compania estimeaz\u0103 c\u0103 angaja\u021bii se vor muta \u00een noul sediu \u00een anul 2031.<\/p>\n<p>P\u00e2n\u0103 la finalizarea proiectului, American Express \u00ee\u0219i va p\u0103stra actualul sediu de la 200 Vesey Street. Reprezentan\u021bii companiei asigur\u0103 c\u0103 aceast\u0103 investi\u021bie nu va avea un impact semnificativ asupra rezultatelor financiare pe termen scurt.<\/p>\n<p>Odat\u0103 ce cl\u0103direa va fi finalizat\u0103 \u00een 2031, aceasta va completa campusul modern al World Trade Center, aduc\u00e2nd un nou suflu \u0219i o viziune de viitor pentru aceast\u0103 zon\u0103 emblematic\u0103 a New York-ului.<\/p>\n","protected":false},"excerpt":{"rendered":"<p>La aproape 25 de ani de la atacurile devastatoare din 11 septembrie, reconstruc\u021bia complexului World Trade Center se \u00eendreapt\u0103 spre final. Unul dintre cele mai a\u0219teptate proiecte, turnul 2 World Trade Center, urmeaz\u0103 s\u0103 \u00eenceap\u0103 construc\u021bia \u00een prim\u0103vara aceasta. Cu o \u00een\u0103l\u021bime impresionant\u0103 de 374 de metri, acest turn va deveni noul sediu central al [&hellip;]<\/p>\n","protected":false},"author":4,"featured_media":5564,"comment_status":"open","ping_status":"open","sticky":false,"template":"","format":"standard","meta":{"jnews-multi-image_gallery":[],"jnews_single_post":[],"jnews_primary_category":[],"jnews_override_counter":[],"footnotes":""},"categories":[40],"tags":[8399,8398,1752,3113,570,8401,8397,8400],"class_list":["post-5563","post","type-post","status-publish","format-standard","has-post-thumbnail","hentry","category-econonie","tag-american-express","tag-atacuri-11-septembrie","tag-impact-economic","tag-new-york","tag-reconstructie","tag-spatiu-interior","tag-turnul-2-world-trade-center","tag-zgarie-nori"],"_links":{"self":[{"href":"https:\/\/www.newsrecorder.ro\/app\/wp-json\/wp\/v2\/posts\/5563","targetHints":{"allow":["GET"]}}],"collection":[{"href":"https:\/\/www.newsrecorder.ro\/app\/wp-json\/wp\/v2\/posts"}],"about":[{"href":"https:\/\/www.newsrecorder.ro\/app\/wp-json\/wp\/v2\/types\/post"}],"author":[{"embeddable":true,"href":"https:\/\/www.newsrecorder.ro\/app\/wp-json\/wp\/v2\/users\/4"}],"replies":[{"embeddable":true,"href":"https:\/\/www.newsrecorder.ro\/app\/wp-json\/wp\/v2\/comments?post=5563"}],"version-history":[{"count":0,"href":"https:\/\/www.newsrecorder.ro\/app\/wp-json\/wp\/v2\/posts\/5563\/revisions"}],"wp:featuredmedia":[{"embeddable":true,"href":"https:\/\/www.newsrecorder.ro\/app\/wp-json\/wp\/v2\/media\/5564"}],"wp:attachment":[{"href":"https:\/\/www.newsrecorder.ro\/app\/wp-json\/wp\/v2\/media?parent=5563"}],"wp:term":[{"taxonomy":"category","embeddable":true,"href":"https:\/\/www.newsrecorder.ro\/app\/wp-json\/wp\/v2\/categories?post=5563"},{"taxonomy":"post_tag","embeddable":true,"href":"https:\/\/www.newsrecorder.ro\/app\/wp-json\/wp\/v2\/tags?post=5563"}],"curies":[{"name":"wp","href":"https:\/\/api.w.org\/{rel}","templated":true}]}}