{"id":5567,"date":"2026-02-27T12:10:39","date_gmt":"2026-02-27T12:10:39","guid":{"rendered":"https:\/\/www.newsrecorder.ro\/app\/2026\/02\/27\/praful-atmosferic-90-dintre-locuitori-respira-aer-nesanatos\/"},"modified":"2026-02-27T12:10:39","modified_gmt":"2026-02-27T12:10:39","slug":"praful-atmosferic-90-dintre-locuitori-respira-aer-nesanatos","status":"publish","type":"post","link":"https:\/\/www.newsrecorder.ro\/app\/2026\/02\/27\/praful-atmosferic-90-dintre-locuitori-respira-aer-nesanatos\/","title":{"rendered":"Praful atmosferic: 90% dintre locuitori respir\u0103 aer nes\u0103n\u0103tos!"},"content":{"rendered":"<p>Praful mineral din atmosfer\u0103, adesea neglijat \u00een dezbaterile legate de calitatea aerului \u00een mediul urban, reprezint\u0103 un risc semnificativ pentru s\u0103n\u0103tatea public\u0103, conform unei cercet\u0103ri recente care a analizat date satelitare pe parcursul a 15 ani. Aproximativ 90% din cele aproape 800 de milioane de locuitori ai celor 81 de metropole globale sunt expu\u0219i la niveluri de praf ce dep\u0103\u0219esc limitele anuale considerate sigure, conform publica\u021biei The Conversation.<\/p>\n<p>Praful, al doilea cel mai abundent aerosol de pe planet\u0103, joac\u0103 un rol crucial \u00een aceast\u0103 problem\u0103. De obicei, discu\u021biile despre poluarea aerului se concentreaz\u0103 pe emisiile de dioxid de azot (NO\u2082), dioxid de sulf (SO\u2082), ozon (O\u2083) sau dioxid de carbon (CO\u2082). Totu\u0219i, analiza recent\u0103 scoate \u00een eviden\u021b\u0103 un aspect mai pu\u021bin discutat: praful din atmosfer\u0103.<\/p>\n<p>Din punct de vedere al masei, particulele de praf constituie al doilea cel mai r\u0103sp\u00e2ndit aerosol la nivel global, fiind dep\u0103\u0219ite doar de microparticulele de sare marin\u0103. Aceste particule sunt predominante \u00een aerosolii din regiunile continentale extinse. Sursele naturale, \u00een special din regiunile aride \u0219i semi-aride, contribuie anual cu aproximativ 4.680 de teragrame (miliarde de kilograme) de praf \u00een atmosfer\u0103. La acestea se adaug\u0103 \u0219i contribu\u021bia activit\u0103\u021bilor umane, cum ar fi transportul rutier, construc\u021biile, agricultura intensiv\u0103, defri\u0219\u0103rile \u0219i schimb\u0103rile \u00een utilizarea solului.<\/p>\n<p>Compozi\u021bia prafului atmosferic este variat\u0103, particulele av\u00e2nd dimensiuni ce variaz\u0103 considerabil, de la sub 0,1 micrometri (comparabile cu dimensiunea unui virus) p\u00e2n\u0103 la peste 100 de micrometri (aproape de grosimea unui fir de p\u0103r). Cea mai mare \u00eengrijorare este legat\u0103 de frac\u021biunea fin\u0103 a particulelor, care poate p\u0103trunde profund \u00een sistemul respirator, fiind asociat\u0103 cu afec\u021biuni pulmonare \u0219i cardiace, reac\u021bii alergice severe \u0219i un risc crescut de cancer. Exist\u0103, de asemenea, dovezi c\u0103 praful atmosferic poate transporta bacterii \u0219i al\u021bi agen\u021bi patogeni.<\/p>\n<p>Cercetarea a analizat dinamica prafului din troposfera inferioar\u0103 deasupra a 81 dintre cele mai populate ora\u0219e ale lumii, fiecare av\u00e2nd peste 5 milioane de locuitori, pe parcursul a mai mult de 15 ani. Rezultatele au eviden\u021biat o distribu\u021bie geografic\u0103 distinct\u0103, zonele cele mai afectate fiind Orientul Mijlociu, subcontinentul indian, Asia de Est \u0219i Sahel. De\u0219i unele ora\u0219e \u00eenregistreaz\u0103 o sc\u0103dere a concentra\u021biilor, multe dintre aceste tendin\u021be nu sunt statistic semnificative, iar nivelurile de poluare r\u0103m\u00e2n alarmante. Av\u00e2nd \u00een vedere ritmul accelerat al urbaniz\u0103rii, se estimeaz\u0103 c\u0103 popula\u021bia acestor aglomer\u0103ri ar putea dep\u0103\u0219i un miliard de locuitori \u00een urm\u0103torul deceniu, ceea ce ar putea duce la o cre\u0219tere a expunerii, chiar dac\u0103 valorile medii ar sc\u0103dea u\u0219or.<\/p>\n<p>Pe baza concluziilor acestei analize, multe guverne \u00ee\u0219i consolideaz\u0103 cadrele legale privind calitatea aerului. Organiza\u021bii interna\u021bionale \u0219i programe specializate, inclusiv cele gestionate de Organiza\u021bia Meteorologic\u0103 Mondial\u0103, lucreaz\u0103 pentru a \u00eembun\u0103t\u0103\u021bi sistemele de monitorizare \u0219i prognoz\u0103 a acestui fenomen.<\/p>\n<p>Uniunea European\u0103 a inclus aerosolii de origine natural\u0103, incluz\u00e2nd praful atmosferic, \u00een directiva actualizat\u0103 privind calitatea aerului, recunosc\u00e2nd efectele cumulative asupra s\u0103n\u0103t\u0103\u021bii popula\u021biei. Odat\u0103 cu expansiunea urban\u0103 \u0219i transformarea ora\u0219elor \u00een centre vitale ale civiliza\u021biei, gestionarea polu\u0103rii aerului \u2013 cu un accent special pe componenta mineral\u0103 \u2013 devine esen\u021bial\u0103 pentru s\u0103n\u0103tatea public\u0103, stabilitatea socio-urban\u0103 \u0219i dezvoltarea durabil\u0103.<\/p>\n","protected":false},"excerpt":{"rendered":"<p>Praful mineral din atmosfer\u0103, adesea neglijat \u00een dezbaterile legate de calitatea aerului \u00een mediul urban, reprezint\u0103 un risc semnificativ pentru s\u0103n\u0103tatea public\u0103, conform unei cercet\u0103ri recente care a analizat date satelitare pe parcursul a 15 ani. Aproximativ 90% din cele aproape 800 de milioane de locuitori ai celor 81 de metropole globale sunt expu\u0219i la [&hellip;]<\/p>\n","protected":false},"author":2,"featured_media":5568,"comment_status":"open","ping_status":"open","sticky":false,"template":"","format":"standard","meta":{"jnews-multi-image_gallery":[],"jnews_single_post":[],"jnews_primary_category":[],"jnews_override_counter":[],"footnotes":""},"categories":[39],"tags":[8408,7927,8411,8409,8410,8407,8405,8406],"class_list":["post-5567","post","type-post","status-publish","format-standard","has-post-thumbnail","hentry","category-stirile-zilei","tag-aerosoli","tag-calitatea-aerului","tag-cercetare-satelitara","tag-metropole-globale","tag-particule-de-praf","tag-poluarea-aerului","tag-praful-mineral","tag-sanatatea-publica"],"_links":{"self":[{"href":"https:\/\/www.newsrecorder.ro\/app\/wp-json\/wp\/v2\/posts\/5567","targetHints":{"allow":["GET"]}}],"collection":[{"href":"https:\/\/www.newsrecorder.ro\/app\/wp-json\/wp\/v2\/posts"}],"about":[{"href":"https:\/\/www.newsrecorder.ro\/app\/wp-json\/wp\/v2\/types\/post"}],"author":[{"embeddable":true,"href":"https:\/\/www.newsrecorder.ro\/app\/wp-json\/wp\/v2\/users\/2"}],"replies":[{"embeddable":true,"href":"https:\/\/www.newsrecorder.ro\/app\/wp-json\/wp\/v2\/comments?post=5567"}],"version-history":[{"count":0,"href":"https:\/\/www.newsrecorder.ro\/app\/wp-json\/wp\/v2\/posts\/5567\/revisions"}],"wp:featuredmedia":[{"embeddable":true,"href":"https:\/\/www.newsrecorder.ro\/app\/wp-json\/wp\/v2\/media\/5568"}],"wp:attachment":[{"href":"https:\/\/www.newsrecorder.ro\/app\/wp-json\/wp\/v2\/media?parent=5567"}],"wp:term":[{"taxonomy":"category","embeddable":true,"href":"https:\/\/www.newsrecorder.ro\/app\/wp-json\/wp\/v2\/categories?post=5567"},{"taxonomy":"post_tag","embeddable":true,"href":"https:\/\/www.newsrecorder.ro\/app\/wp-json\/wp\/v2\/tags?post=5567"}],"curies":[{"name":"wp","href":"https:\/\/api.w.org\/{rel}","templated":true}]}}