{"id":5571,"date":"2026-02-27T12:36:07","date_gmt":"2026-02-27T12:36:07","guid":{"rendered":"https:\/\/www.newsrecorder.ro\/app\/2026\/02\/27\/roxana-petcu-modificarea-pensiilor-magistratilor-submineaza-statutul-acestora\/"},"modified":"2026-02-27T12:36:07","modified_gmt":"2026-02-27T12:36:07","slug":"roxana-petcu-modificarea-pensiilor-magistratilor-submineaza-statutul-acestora","status":"publish","type":"post","link":"https:\/\/www.newsrecorder.ro\/app\/2026\/02\/27\/roxana-petcu-modificarea-pensiilor-magistratilor-submineaza-statutul-acestora\/","title":{"rendered":"Roxana Petcu: Modificarea pensiilor magistra\u021bilor submineaz\u0103 statutul acestora"},"content":{"rendered":"<p>Judec\u0103toarea <strong>Roxana Petcu<\/strong>, care conduce Inspec\u021bia Judiciar\u0103, a abordat subiectul reformei pensiilor de serviciu pentru magistra\u021bi \u00een cadrul emisiunii OFF The Record, difuzat\u0103 de Mediafax.<\/p>\n<p>Comentariile sale au venit ca reac\u021bie la promulgarea, vineri, de c\u0103tre pre\u0219edintele <strong>Nicusor Dan<\/strong>, a <a href=\"https:\/\/www.mediafax.ro\/politic\/nicusor-dan-a-promulgat-legea-privind-pensiile-magistratilor-un-gest-de-echitate-asteptat-de-societate-23693854\">legii referitoare la pensiile speciale ale magistra\u021bilor<\/a>. Aceast\u0103 decizie a fost luat\u0103 \u00een ciuda apelurilor din partea sistemului judiciar de a retrimite proiectul legislativ \u00een Parlament pentru revizuire.<\/p>\n<p>Roxana Petcu a subliniat c\u0103 discu\u021bia despre pensiile magistra\u021bilor nu este o noutate \u0219i a remarcat politicizarea intens\u0103 a acestui subiect \u00een ultimii ani. Ea a explicat c\u0103 dezbaterea a fost ini\u021bial generat\u0103 de Planul Na\u021bional de Redresare \u0219i Rezilien\u021b\u0103 (PNRR) \u0219i a afirmat c\u0103 leg\u0103tura dintre relansarea economic\u0103 post-COVID \u0219i pensiile magistra\u021bilor nu a fost clar definit\u0103.<\/p>\n<p>\u201eConsider c\u0103 subiectul pensiilor a fost adus \u00een discu\u021bie pentru prima dat\u0103 \u00een cadrul PNRR. Din p\u0103cate, nu am g\u0103sit o explica\u021bie conving\u0103toare care s\u0103 coreleze relansarea economic\u0103 post-pandemic\u0103 cu pensiile magistra\u021bilor,\u201d a declarat Petcu.<\/p>\n<p>Nemul\u021bumirile \u00een r\u00e2ndul magistra\u021bilor sunt evidente, iar \u0219efa Inspec\u021biei Judiciare a explicat de ce sistemul judiciar reac\u021bioneaz\u0103 vehement. \u201eModific\u0103rile legislative care afecteaz\u0103 pensiile magistra\u021bilor reprezint\u0103 o diminuare a statutului acestora. O astfel de sc\u0103dere nu poate fi acceptat\u0103. \u00cen calitate de magistrat, nu pot discuta din perspectiva a\u0219tept\u0103rilor societ\u0103\u021bii, care sunt adesea create rapid,\u201d a ad\u0103ugat ea.<\/p>\n<p>Petcu a subliniat c\u0103 magistra\u021bii au avut o pozi\u021bie unitar\u0103 cu privire la aceste modific\u0103ri \u0219i c\u0103 nemul\u021bumirea a fost exprimat\u0103 deschis de numero\u0219i membri ai corpului judiciar. \u201eEste firesc ca \u00een r\u00e2ndul magistra\u021bilor s\u0103 existe o nemul\u021bumire evident\u0103 \u00een leg\u0103tur\u0103 cu acest aspect. De altfel, a existat o solidaritate remarcabil\u0103 \u00een r\u00e2ndul lor \u00een discu\u021biile legate de pensii,\u201d a afirmat ea.<\/p>\n<p>C\u00e2nd a fost \u00eentrebat\u0103 dac\u0103 s-a a\u0219teptat ca legea s\u0103 fie promulgat\u0103, Roxana Petcu a r\u0103spuns c\u0103 nu a fost surprins\u0103 de decizia pre\u0219edintelui Nicu\u0219or Dan, dar a ridicat \u00eentreb\u0103ri cu privire la aplicarea noilor reglement\u0103ri. \u201eNu pot spune c\u0103 nu m-am a\u0219teptat la promulgarea legii. Totu\u0219i, este greu de \u00een\u021beles cum o lege adoptat\u0103 ast\u0103zi ar putea s\u0103 intre \u00een vigoare de la 1 ianuarie, av\u00e2nd \u00een vedere c\u0103 ne afl\u0103m deja \u00een februarie,\u201d a explicat ea.<\/p>\n<p>\u201eToate argumentele \u0219i contraargumentele au fost prezentate profesional at\u00e2t de judec\u0103tori, c\u00e2t \u0219i de \u00cenalta Curte. Am f\u0103cut toate ap\u0103r\u0103rile necesare \u0219i am invocat toate argumentele,\u201d a ad\u0103ugat judec\u0103toarea.<\/p>\n<p>Roxana Petcu a subliniat un aspect esen\u021bial, \u0219i anume c\u0103 magistra\u021bii nu pot fi considera\u021bi doar o categorie profesional\u0103 obi\u0219nuit\u0103, deoarece ei fac parte dintr-o putere a statului. \u201eEste o compara\u021bie inechitabil\u0103 s\u0103 trat\u0103m judec\u0103torii \u0219i procurorii ca pe o simpl\u0103 categorie profesional\u0103, deoarece discut\u0103m despre o putere judec\u0103toreasc\u0103 distinct\u0103,\u201d a declarat ea.<\/p>\n<p>\u0218efa Inspec\u021biei Judiciare a explicat c\u0103 fiecare judec\u0103tor exercit\u0103 direct puterea judec\u0103toreasc\u0103, ceea ce le confer\u0103 un statut diferit fa\u021b\u0103 de alte profesii. \u201eJudec\u0103torii \u0219i procurorii fac parte din autoritatea judec\u0103toreasc\u0103, iar puterea judec\u0103toreasc\u0103 este exercitat\u0103 de fiecare judec\u0103tor \u00een parte. Avem cele trei puteri ale statului: legislativ\u0103, executiv\u0103 \u0219i judec\u0103toreasc\u0103, iar magistra\u021bii sunt cei care pun \u00een aplicare puterea judec\u0103toreasc\u0103 \u00een fiecare caz,\u201d a concluzionat Petcu.<\/p>\n","protected":false},"excerpt":{"rendered":"<p>Judec\u0103toarea Roxana Petcu, care conduce Inspec\u021bia Judiciar\u0103, a abordat subiectul reformei pensiilor de serviciu pentru magistra\u021bi \u00een cadrul emisiunii OFF The Record, difuzat\u0103 de Mediafax. Comentariile sale au venit ca reac\u021bie la promulgarea, vineri, de c\u0103tre pre\u0219edintele Nicusor Dan, a legii referitoare la pensiile speciale ale magistra\u021bilor. Aceast\u0103 decizie a fost luat\u0103 \u00een ciuda apelurilor [&hellip;]<\/p>\n","protected":false},"author":2,"featured_media":5572,"comment_status":"open","ping_status":"open","sticky":false,"template":"","format":"standard","meta":{"jnews-multi-image_gallery":[],"jnews_single_post":[],"jnews_primary_category":[],"jnews_override_counter":[],"footnotes":""},"categories":[39],"tags":[8420,2406,8421,7901,8422,8423,4206,8419],"class_list":["post-5571","post","type-post","status-publish","format-standard","has-post-thumbnail","hentry","category-stirile-zilei","tag-inspectia-judiciara","tag-magistrati","tag-pensii-de-serviciu","tag-planul-national-de-redresare","tag-politizare","tag-post-covid","tag-reforma-pensiilor","tag-roxana-petcu"],"_links":{"self":[{"href":"https:\/\/www.newsrecorder.ro\/app\/wp-json\/wp\/v2\/posts\/5571","targetHints":{"allow":["GET"]}}],"collection":[{"href":"https:\/\/www.newsrecorder.ro\/app\/wp-json\/wp\/v2\/posts"}],"about":[{"href":"https:\/\/www.newsrecorder.ro\/app\/wp-json\/wp\/v2\/types\/post"}],"author":[{"embeddable":true,"href":"https:\/\/www.newsrecorder.ro\/app\/wp-json\/wp\/v2\/users\/2"}],"replies":[{"embeddable":true,"href":"https:\/\/www.newsrecorder.ro\/app\/wp-json\/wp\/v2\/comments?post=5571"}],"version-history":[{"count":0,"href":"https:\/\/www.newsrecorder.ro\/app\/wp-json\/wp\/v2\/posts\/5571\/revisions"}],"wp:featuredmedia":[{"embeddable":true,"href":"https:\/\/www.newsrecorder.ro\/app\/wp-json\/wp\/v2\/media\/5572"}],"wp:attachment":[{"href":"https:\/\/www.newsrecorder.ro\/app\/wp-json\/wp\/v2\/media?parent=5571"}],"wp:term":[{"taxonomy":"category","embeddable":true,"href":"https:\/\/www.newsrecorder.ro\/app\/wp-json\/wp\/v2\/categories?post=5571"},{"taxonomy":"post_tag","embeddable":true,"href":"https:\/\/www.newsrecorder.ro\/app\/wp-json\/wp\/v2\/tags?post=5571"}],"curies":[{"name":"wp","href":"https:\/\/api.w.org\/{rel}","templated":true}]}}