{"id":5575,"date":"2026-02-27T12:36:46","date_gmt":"2026-02-27T12:36:46","guid":{"rendered":"https:\/\/www.newsrecorder.ro\/app\/2026\/02\/27\/roxana-petcu-modificarea-pensiilor-magistratilor-o-amenintare-la-statut\/"},"modified":"2026-02-27T12:36:46","modified_gmt":"2026-02-27T12:36:46","slug":"roxana-petcu-modificarea-pensiilor-magistratilor-o-amenintare-la-statut","status":"publish","type":"post","link":"https:\/\/www.newsrecorder.ro\/app\/2026\/02\/27\/roxana-petcu-modificarea-pensiilor-magistratilor-o-amenintare-la-statut\/","title":{"rendered":"Roxana Petcu: Modificarea pensiilor magistra\u021bilor, o amenin\u021bare la statut!"},"content":{"rendered":"<p>Roxana Petcu, actuala \u0219ef\u0103 a Inspec\u021biei Judiciare din Rom\u00e2nia, a abordat subiectul reformei pensiilor magistra\u021bilor \u00een cadrul emisiunii OFF The Record, difuzat\u0103 de Mediafax. Aceast\u0103 discu\u021bie a fost generat\u0103 de promulgarea recent\u0103 a legii referitoare la pensiile speciale ale judec\u0103torilor, semnat\u0103 de pre\u0219edintele Nicu\u0219or Dan, \u00een ciuda apelurilor din partea sistemului judiciar care au cerut retrimiterea proiectului \u00een Parlament.<\/p>\n<p>Petcu a subliniat c\u0103 dezbaterea privind pensiile magistra\u021bilor nu este o noutate \u0219i a fost intens politizat\u0103 \u00een ultimii ani. Ea a men\u021bionat c\u0103 discu\u021bia a fost ini\u021bial legat\u0103 de Planul Na\u021bional de Redresare \u0219i Rezilien\u021b\u0103, dar a criticat faptul c\u0103 nu s-a explicat clar leg\u0103tura dintre relansarea economic\u0103 \u0219i sistemul de pensii pentru magistra\u021bi.<\/p>\n<p>\u00cen acest context, Roxana Petcu a declarat: \u201eA modifica pensiile magistra\u021bilor este o sc\u0103dere a statutului\u201d. Aceast\u0103 afirma\u021bie subliniaz\u0103 importan\u021ba men\u021binerii unui statut demn pentru magistra\u021bi, care sunt esen\u021biali pentru func\u021bionarea justi\u021biei \u00een Rom\u00e2nia.<\/p>\n<p>Pe l\u00e2ng\u0103 subiectul pensiilor, discu\u021bia a atins \u0219i teme precum responsabilitatea magistra\u021bilor, nivelul de \u00eencredere \u00een institu\u021biile de justi\u021bie \u0219i impactul corup\u021biei asupra acestora. Judec\u0103toarea a eviden\u021biat provoc\u0103rile cu care se confrunt\u0103 procurorii \u0219i judec\u0103torii \u00een Rom\u00e2nia, men\u021bion\u00e2nd c\u0103 au fost \u201eteroriza\u021bi\u201d de anumite presiuni \u0219i c\u0103 exist\u0103 o ne\u00eencredere generalizat\u0103 \u00een ceea ce prive\u0219te anchetele desf\u0103\u0219urate de DNA.<\/p>\n<p>Pentru cei interesa\u021bi de aceste subiecte relevante, emisiunea poate fi urm\u0103rit\u0103 live, \u00eencep\u00e2nd cu ora 13:00, pe canalele oficiale de <a href=\"https:\/\/www.youtube.com\/@MediafaxRO\">YouTube<\/a> \u0219i <a href=\"https:\/\/www.facebook.com\/mediafax.ro\">Facebook<\/a> ale Mediafax.<\/p>\n","protected":false},"excerpt":{"rendered":"<p>Roxana Petcu, actuala \u0219ef\u0103 a Inspec\u021biei Judiciare din Rom\u00e2nia, a abordat subiectul reformei pensiilor magistra\u021bilor \u00een cadrul emisiunii OFF The Record, difuzat\u0103 de Mediafax. Aceast\u0103 discu\u021bie a fost generat\u0103 de promulgarea recent\u0103 a legii referitoare la pensiile speciale ale judec\u0103torilor, semnat\u0103 de pre\u0219edintele Nicu\u0219or Dan, \u00een ciuda apelurilor din partea sistemului judiciar care au cerut [&hellip;]<\/p>\n","protected":false},"author":2,"featured_media":5576,"comment_status":"open","ping_status":"open","sticky":false,"template":"","format":"standard","meta":{"jnews-multi-image_gallery":[],"jnews_single_post":[],"jnews_primary_category":[],"jnews_override_counter":[],"footnotes":""},"categories":[39],"tags":[8420,8425,4204,7901,8422,4206,8419,8426],"class_list":["post-5575","post","type-post","status-publish","format-standard","has-post-thumbnail","hentry","category-stirile-zilei","tag-inspectia-judiciara","tag-legi-speciale","tag-pensiile-magistratilor","tag-planul-national-de-redresare","tag-politizare","tag-reforma-pensiilor","tag-roxana-petcu","tag-statut-demn"],"_links":{"self":[{"href":"https:\/\/www.newsrecorder.ro\/app\/wp-json\/wp\/v2\/posts\/5575","targetHints":{"allow":["GET"]}}],"collection":[{"href":"https:\/\/www.newsrecorder.ro\/app\/wp-json\/wp\/v2\/posts"}],"about":[{"href":"https:\/\/www.newsrecorder.ro\/app\/wp-json\/wp\/v2\/types\/post"}],"author":[{"embeddable":true,"href":"https:\/\/www.newsrecorder.ro\/app\/wp-json\/wp\/v2\/users\/2"}],"replies":[{"embeddable":true,"href":"https:\/\/www.newsrecorder.ro\/app\/wp-json\/wp\/v2\/comments?post=5575"}],"version-history":[{"count":0,"href":"https:\/\/www.newsrecorder.ro\/app\/wp-json\/wp\/v2\/posts\/5575\/revisions"}],"wp:featuredmedia":[{"embeddable":true,"href":"https:\/\/www.newsrecorder.ro\/app\/wp-json\/wp\/v2\/media\/5576"}],"wp:attachment":[{"href":"https:\/\/www.newsrecorder.ro\/app\/wp-json\/wp\/v2\/media?parent=5575"}],"wp:term":[{"taxonomy":"category","embeddable":true,"href":"https:\/\/www.newsrecorder.ro\/app\/wp-json\/wp\/v2\/categories?post=5575"},{"taxonomy":"post_tag","embeddable":true,"href":"https:\/\/www.newsrecorder.ro\/app\/wp-json\/wp\/v2\/tags?post=5575"}],"curies":[{"name":"wp","href":"https:\/\/api.w.org\/{rel}","templated":true}]}}