{"id":5581,"date":"2026-02-27T16:39:21","date_gmt":"2026-02-27T16:39:21","guid":{"rendered":"https:\/\/www.newsrecorder.ro\/app\/2026\/02\/27\/optimile-europa-league-si-conference-league-patru-romani-in-cursa\/"},"modified":"2026-02-27T16:39:21","modified_gmt":"2026-02-27T16:39:21","slug":"optimile-europa-league-si-conference-league-patru-romani-in-cursa","status":"publish","type":"post","link":"https:\/\/www.newsrecorder.ro\/app\/2026\/02\/27\/optimile-europa-league-si-conference-league-patru-romani-in-cursa\/","title":{"rendered":"Optimile Europa League \u0219i Conference League: Patru rom\u00e2ni \u00een curs\u0103!"},"content":{"rendered":"<p>\u00cen cadrul competi\u021biei UEFA Europa League, Celta Vigo, echipa rom\u00e2nului Ionu\u021b Radu, se preg\u0103te\u0219te pentru un meci provocator \u00een optimile de final\u0103, confrunt\u00e2ndu-se cu forma\u021bia francez\u0103 Olympique Lyon.<\/p>\n<p>Echipa din La Liga a avansat \u00een aceast\u0103 etap\u0103 dup\u0103 ce a \u00eenvins PAOK Salonic, antrenat\u0103 de R\u0103zvan Lucescu, \u00een play-off-ul competi\u021biei.<\/p>\n<p>Un alt meci captivant va avea loc \u00een Italia, unde Bologna FC va da piept cu AS Roma. \u00cen plus, Lille OSC, echip\u0103 care a eliminat Steaua Ro\u0219ie Belgrad \u00een runda anterioar\u0103, se va confrunta cu Aston Villa, considerat\u0103 principala favorit\u0103 la c\u00e2\u0219tigarea trofeului.<\/p>\n<p>Pe lista meciurilor interesante se num\u0103r\u0103 \u0219i duelul dintre VfB Stuttgart \u0219i FC Porto. Nottingham Forest se va \u00eent\u00e2lni cu FC Midtjylland, \u00een urma victoriei danezilor pe terenul britanic \u00een faza grupelor.<\/p>\n<p>Iat\u0103 programul complet al optimilor de final\u0103 din Europa League:<\/p>\n<ul>\n<li>KRC Genk \u2013 SC Freiburg<\/li>\n<li>Bologna \u2013 AS Roma<\/li>\n<li>Ferencv\u00e1rosi TC \u2013 SC Braga<\/li>\n<li>Stuttgart \u2013 Porto<\/li>\n<li>Panathinaikos FC \u2013 Real Betis<\/li>\n<li>Nottingham Forest \u2013 Midtjylland<\/li>\n<li>Celta Vigo \u2013 Lyon<\/li>\n<li>Lille \u2013 Aston Villa<\/li>\n<\/ul>\n<p>Tragerea la sor\u021bi a fost realizat\u0103 de fostul interna\u021bional portughez Maniche, c\u00e2\u0219tig\u0103tor al Cupei UEFA \u00een 2003 cu echipa FC Porto.<\/p>\n<p>\u00cen optimile de final\u0103, echipele care au terminat \u00een primele 8 locuri \u00een grup\u0103 vor juca meciul de retur pe teren propriu.<\/p>\n<p>Programul etapelor superioare din Europa League este urm\u0103torul:<\/p>\n<ul>\n<li>Optimi: 12 martie \/ 19 martie<\/li>\n<li>Sferturi: 9 aprilie \/ 16 aprilie<\/li>\n<li>Semifinale: 30 aprilie \/ 7 mai<\/li>\n<li>Finala: 20 mai, la Istanbul (Turcia)<\/li>\n<\/ul>\n<p>\u00cen ceea ce prive\u0219te UEFA Conference League, tragerea la sor\u021bi pentru optimile de final\u0103 a avut loc tot la Nyon.<\/p>\n<p>Echipa lui Andrei Ra\u021biu, Rayo Vallecano, se va confrunta cu turcii de la Samsunspor. AEK Atena, cu R\u0103zvan Marin \u00een lot, va juca \u00eempotriva slovenilor de la NK Celje, iar Rak\u00f3w Cz\u0119stochowa, unde activeaz\u0103 Bogdan Racovi\u021ban, va avea o provocare dificil\u0103 \u00een fa\u021ba italienilor de la ACF Fiorentina.<\/p>\n<p>Meciurile din optimile Conference League sunt urm\u0103toarele:<\/p>\n<ul>\n<li>AEK Larnaca \u2013 Crystal Palace<\/li>\n<li>1. FSV Mainz 05 \u2013 SK Sigma Olomouc<\/li>\n<li>\u0218ahtior Done\u021bk \u2013 Lech Pozna\u0144<\/li>\n<li>Rayo Vallecano \u2013 Samsunspor<\/li>\n<li>Sparta Praga \u2013 AZ Alkmaar<\/li>\n<li>Celje \u2013 AEK Atena<\/li>\n<li>HNK Rijeka \u2013 RC Strasbourg<\/li>\n<li>Fiorentina \u2013 Rak\u00f3w Cz\u0119stochowa<\/li>\n<\/ul>\n<p>Tragerea la sor\u021bi a fost efectuat\u0103 de portarul portughez Rui Patr\u00edcio, care a c\u00e2\u0219tigat trofeul Conference League \u00een 2022 cu AS Roma.<\/p>\n<p>Programul fazelor superioare din Conference League este urm\u0103torul:<\/p>\n<ul>\n<li>Optimi: 12 \/ 19 martie<\/li>\n<li>Sferturi: 9 \/ 16 aprilie<\/li>\n<li>Semifinale: 30 aprilie \/ 7 mai<\/li>\n<li>Finala: 27 mai, la Leipzig (Germania)<\/li>\n<\/ul>\n","protected":false},"excerpt":{"rendered":"<p>\u00cen cadrul competi\u021biei UEFA Europa League, Celta Vigo, echipa rom\u00e2nului Ionu\u021b Radu, se preg\u0103te\u0219te pentru un meci provocator \u00een optimile de final\u0103, confrunt\u00e2ndu-se cu forma\u021bia francez\u0103 Olympique Lyon. Echipa din La Liga a avansat \u00een aceast\u0103 etap\u0103 dup\u0103 ce a \u00eenvins PAOK Salonic, antrenat\u0103 de R\u0103zvan Lucescu, \u00een play-off-ul competi\u021biei. Un alt meci captivant va [&hellip;]<\/p>\n","protected":false},"author":6,"featured_media":5582,"comment_status":"open","ping_status":"open","sticky":false,"template":"","format":"standard","meta":{"jnews-multi-image_gallery":[],"jnews_single_post":[],"jnews_primary_category":[],"jnews_override_counter":[],"footnotes":""},"categories":[46],"tags":[8437,48,2778,6279,8436,8438,333,8435],"class_list":["post-5581","post","type-post","status-publish","format-standard","has-post-thumbnail","hentry","category-sport","tag-as-roma","tag-aston-villa","tag-bologna","tag-celta-vigo","tag-ionut-radu","tag-lille-osc","tag-olympique-lyon","tag-uefa-europa-league"],"_links":{"self":[{"href":"https:\/\/www.newsrecorder.ro\/app\/wp-json\/wp\/v2\/posts\/5581","targetHints":{"allow":["GET"]}}],"collection":[{"href":"https:\/\/www.newsrecorder.ro\/app\/wp-json\/wp\/v2\/posts"}],"about":[{"href":"https:\/\/www.newsrecorder.ro\/app\/wp-json\/wp\/v2\/types\/post"}],"author":[{"embeddable":true,"href":"https:\/\/www.newsrecorder.ro\/app\/wp-json\/wp\/v2\/users\/6"}],"replies":[{"embeddable":true,"href":"https:\/\/www.newsrecorder.ro\/app\/wp-json\/wp\/v2\/comments?post=5581"}],"version-history":[{"count":0,"href":"https:\/\/www.newsrecorder.ro\/app\/wp-json\/wp\/v2\/posts\/5581\/revisions"}],"wp:featuredmedia":[{"embeddable":true,"href":"https:\/\/www.newsrecorder.ro\/app\/wp-json\/wp\/v2\/media\/5582"}],"wp:attachment":[{"href":"https:\/\/www.newsrecorder.ro\/app\/wp-json\/wp\/v2\/media?parent=5581"}],"wp:term":[{"taxonomy":"category","embeddable":true,"href":"https:\/\/www.newsrecorder.ro\/app\/wp-json\/wp\/v2\/categories?post=5581"},{"taxonomy":"post_tag","embeddable":true,"href":"https:\/\/www.newsrecorder.ro\/app\/wp-json\/wp\/v2\/tags?post=5581"}],"curies":[{"name":"wp","href":"https:\/\/api.w.org\/{rel}","templated":true}]}}