{"id":559,"date":"2026-01-24T08:37:28","date_gmt":"2026-01-24T08:37:28","guid":{"rendered":"https:\/\/www.newsrecorder.ro\/app\/2026\/01\/24\/iranul-ameninta-cu-razboi-total-dupa-declaratiile-lui-trump\/"},"modified":"2026-01-24T08:37:28","modified_gmt":"2026-01-24T08:37:28","slug":"iranul-ameninta-cu-razboi-total-dupa-declaratiile-lui-trump","status":"publish","type":"post","link":"https:\/\/www.newsrecorder.ro\/app\/2026\/01\/24\/iranul-ameninta-cu-razboi-total-dupa-declaratiile-lui-trump\/","title":{"rendered":"Iranul amenin\u021b\u0103 cu \u201er\u0103zboi total\u201d dup\u0103 declara\u021biile lui Trump!"},"content":{"rendered":"<p>Un oficial de rang \u00eenalt din Iran a declarat pentru Reuters c\u0103 orice atac asupra \u021b\u0103rii va fi considerat \u201eun r\u0103zboi total \u00eempotriva noastr\u0103\u201d, cu o clar\u0103 aluzie la recentele desf\u0103\u0219ur\u0103ri militare americane \u00een regiune, inclusiv sosirea unui grup de atac al portavionului american.<\/p>\n<p>\u201eSper\u0103m c\u0103 aceast\u0103 concentrare militar\u0103 nu este destinat\u0103 unei confrunt\u0103ri reale, \u00eens\u0103 armata noastr\u0103 este preg\u0103tit\u0103 pentru cel mai r\u0103u scenariu. De aceea, Iranul se afl\u0103 \u00een alert\u0103 maxim\u0103. De aceast\u0103 dat\u0103, vom r\u0103spunde \u00een cel mai dur mod posibil pentru a gestiona situa\u021bia\u201d, a ad\u0103ugat oficialul, prefer\u00e2nd s\u0103 r\u0103m\u00e2n\u0103 anonim, conform <a style=\"color: #0000ff\" href=\"https:\/\/www.reuters.com\/world\/middle-east\/iran-will-treat-any-attack-all-out-war-against-us-says-senior-iran-official-2026-01-24\/\" target=\"_blank\" rel=\"noopener\">Reuters<\/a>.<\/p>\n<p>\u00cen plus, oficialul a subliniat c\u0103 \u201edac\u0103 americanii \u00eencalc\u0103 suveranitatea \u0219i integritatea teritorial\u0103 a Iranului, vom reac\u021biona\u201d, de\u0219i nu a oferit detalii specifice despre natura acestei reac\u021bii.<\/p>\n<p>Avertismentul venit din partea oficialului iranian a fost lansat \u00een contextul unei declara\u021bii recente a pre\u0219edintelui american Donald Trump, care a afirmat c\u0103 Statele Unite au o \u201earmad\u0103\u201d care se \u00eendreapt\u0103 spre Iran, dar a exprimat speran\u021ba c\u0103 nu va fi necesar s\u0103 fie folosit\u0103.<\/p>\n<h2>Proteste ample \u00een Iran<\/h2>\n<p>De la finalul anului 2025, Iranul a fost zguduit de numeroase proteste de amploare, culmin\u00e2nd pe 8 ianuarie cu strig\u0103te ostile la adresa guvernului, care a r\u0103spuns cu o represiune sever\u0103. Washingtonul a \u00eendemnat autorit\u0103\u021bile iraniene s\u0103 manifeste modera\u021bie, avertiz\u00e2ndu-le c\u0103 risc\u0103 represalii.<\/p>\n<p>Organiza\u021biile interna\u021bionale au raportat c\u0103 situa\u021bia din Iran este cea mai grav\u0103 de la Revolu\u021bia Islamic\u0103 din 1979. Conform Human Rights Activists News Agency (HRANA), o organiza\u021bie cu sediul \u00een SUA, bilan\u021bul victimelor se apropie de 5.000 de mor\u021bi, eviden\u021biind amploarea crizei umanit\u0103\u021bii \u00een aceast\u0103 \u021bar\u0103.<\/p>\n","protected":false},"excerpt":{"rendered":"<p>Un oficial de rang \u00eenalt din Iran a declarat pentru Reuters c\u0103 orice atac asupra \u021b\u0103rii va fi considerat \u201eun r\u0103zboi total \u00eempotriva noastr\u0103\u201d, cu o clar\u0103 aluzie la recentele desf\u0103\u0219ur\u0103ri militare americane \u00een regiune, inclusiv sosirea unui grup de atac al portavionului american. \u201eSper\u0103m c\u0103 aceast\u0103 concentrare militar\u0103 nu este destinat\u0103 unei confrunt\u0103ri reale, [&hellip;]<\/p>\n","protected":false},"author":2,"featured_media":560,"comment_status":"open","ping_status":"open","sticky":false,"template":"","format":"standard","meta":{"jnews-multi-image_gallery":[],"jnews_single_post":[],"jnews_primary_category":[],"jnews_override_counter":[],"footnotes":""},"categories":[41],"tags":[134,919,914,913,916,918,915,917],"class_list":["post-559","post","type-post","status-publish","format-standard","has-post-thumbnail","hentry","category-externe","tag-alerta","tag-americani","tag-atac","tag-iran","tag-militar","tag-portavion","tag-razboi","tag-suveranitate"],"_links":{"self":[{"href":"https:\/\/www.newsrecorder.ro\/app\/wp-json\/wp\/v2\/posts\/559","targetHints":{"allow":["GET"]}}],"collection":[{"href":"https:\/\/www.newsrecorder.ro\/app\/wp-json\/wp\/v2\/posts"}],"about":[{"href":"https:\/\/www.newsrecorder.ro\/app\/wp-json\/wp\/v2\/types\/post"}],"author":[{"embeddable":true,"href":"https:\/\/www.newsrecorder.ro\/app\/wp-json\/wp\/v2\/users\/2"}],"replies":[{"embeddable":true,"href":"https:\/\/www.newsrecorder.ro\/app\/wp-json\/wp\/v2\/comments?post=559"}],"version-history":[{"count":0,"href":"https:\/\/www.newsrecorder.ro\/app\/wp-json\/wp\/v2\/posts\/559\/revisions"}],"wp:featuredmedia":[{"embeddable":true,"href":"https:\/\/www.newsrecorder.ro\/app\/wp-json\/wp\/v2\/media\/560"}],"wp:attachment":[{"href":"https:\/\/www.newsrecorder.ro\/app\/wp-json\/wp\/v2\/media?parent=559"}],"wp:term":[{"taxonomy":"category","embeddable":true,"href":"https:\/\/www.newsrecorder.ro\/app\/wp-json\/wp\/v2\/categories?post=559"},{"taxonomy":"post_tag","embeddable":true,"href":"https:\/\/www.newsrecorder.ro\/app\/wp-json\/wp\/v2\/tags?post=559"}],"curies":[{"name":"wp","href":"https:\/\/api.w.org\/{rel}","templated":true}]}}