{"id":5595,"date":"2026-02-27T19:12:14","date_gmt":"2026-02-27T19:12:14","guid":{"rendered":"https:\/\/www.newsrecorder.ro\/app\/2026\/02\/27\/bucuresti-sub-amenintarea-viscolului-15-cm-de-zapada-in-48-de-ore\/"},"modified":"2026-02-27T19:12:14","modified_gmt":"2026-02-27T19:12:14","slug":"bucuresti-sub-amenintarea-viscolului-15-cm-de-zapada-in-48-de-ore","status":"publish","type":"post","link":"https:\/\/www.newsrecorder.ro\/app\/2026\/02\/27\/bucuresti-sub-amenintarea-viscolului-15-cm-de-zapada-in-48-de-ore\/","title":{"rendered":"Bucure\u0219ti sub amenin\u021barea viscolului: 15 cm de z\u0103pad\u0103 \u00een 48 de ore!"},"content":{"rendered":"<p class=\"font-claude-response-body break-words whitespace-normal leading-[1.7]\">Capitala Rom\u00e2niei se va confrunta cu o serie de fenomene meteorologice severe, incluz\u00e2nd intensific\u0103ri ale <a href=\"https:\/\/www.mediafax.ro\/meteo\/anm-cod-galben-de-viscol-si-ninsori-in-jumatate-de-tara-rafale-de-pana-la-70-km-h-23690081\">v\u00e2ntului<\/a>, ninsori abundente \u0219i viscol. De asemenea, a fost emis\u0103 o <a href=\"https:\/\/www.meteoromania.ro\/\" target=\"_blank\" rel=\"noopener\">informare<\/a> privind vremea extrem de rece pentru aceea\u0219i perioad\u0103.<\/p>\n<p><strong>Vineri, 20 februarie: ploi, polei \u0219i ninsoare<\/strong><\/p>\n<p class=\"font-claude-response-body break-words whitespace-normal leading-[1.7]\">Cerul va deveni tot mai noros, iar din a doua parte a zilei se vor \u00eenregistra precipita\u021bii sub form\u0103 de ploaie. Temperatura maxim\u0103 va varia \u00eentre 2 \u0219i 3 grade Celsius.<\/p>\n<p class=\"font-claude-response-body break-words whitespace-normal leading-[1.7]\">Dup\u0103-amiaza, v\u00e2ntul se va intensifica, cu rafale ce vor atinge 55-65 km\/h. Noaptea, precipita\u021biile se vor transforma \u00een mixte \u2014 exist\u00e2nd riscuri de polei \u0219i ghe\u021bu\u0219 \u2014 urmate de ninsoare. Vizibilitatea va sc\u0103dea sub 100 de metri, iar un nou strat de z\u0103pad\u0103 va fi depus, av\u00e2nd o grosime de 6-8 cm, variabil distribuit.<\/p>\n<p><strong>S\u00e2mb\u0103t\u0103, 21 februarie: ger, ninsori puternice \u0219i viscol<\/strong><\/p>\n<p class=\"font-claude-response-body break-words whitespace-normal leading-[1.7]\">Vremea se va r\u0103ci semnificativ, iar ninsorile vor fi abundente, acumul\u00e2ndu-se un strat de z\u0103pad\u0103 de 10-15 cm. V\u00e2ntul va viscoli ninsoarea \u00een prima parte a zilei, cu rafale de 40-45 km\/h. Temperaturile maxime nu vor dep\u0103\u0219i -3 p\u00e2n\u0103 la -2 grade, iar minimele vor cobor\u00ee la -4 p\u00e2n\u0103 la -3 grade.<\/p>\n<p>\u00cen perioada 20 februarie, ora 10 \u2013 22 februarie, ora 10, Bucure\u0219tiul va fi sub inciden\u021ba unei inform\u0103ri meteorologice ce subliniaz\u0103 vremea extrem de rece.<\/p>\n<p>De asemenea, \u00eentre 20 februarie, ora 12 \u2013 22 februarie, ora 10, se va aplica o aten\u021bionare meteorologic\u0103 pentru municipiul Bucure\u0219ti, av\u00e2nd \u00een vedere intensificarea v\u00e2ntului, precipita\u021biile semnificative, ninsorile abundente, viscolul \u0219i formarea unui nou strat de z\u0103pad\u0103.<\/p>\n","protected":false},"excerpt":{"rendered":"<p>Capitala Rom\u00e2niei se va confrunta cu o serie de fenomene meteorologice severe, incluz\u00e2nd intensific\u0103ri ale v\u00e2ntului, ninsori abundente \u0219i viscol. De asemenea, a fost emis\u0103 o informare privind vremea extrem de rece pentru aceea\u0219i perioad\u0103. Vineri, 20 februarie: ploi, polei \u0219i ninsoare Cerul va deveni tot mai noros, iar din a doua parte a zilei [&hellip;]<\/p>\n","protected":false},"author":5,"featured_media":5596,"comment_status":"open","ping_status":"open","sticky":false,"template":"","format":"standard","meta":{"jnews-multi-image_gallery":[],"jnews_single_post":[],"jnews_primary_category":[],"jnews_override_counter":[],"footnotes":""},"categories":[45],"tags":[362,128,127,136,81,137,1142,1141],"class_list":["post-5595","post","type-post","status-publish","format-standard","has-post-thumbnail","hentry","category-meteo","tag-bucuresti","tag-ger","tag-ninsori","tag-polei","tag-temperaturi-scazute","tag-vant","tag-viscol","tag-vreme-severa"],"_links":{"self":[{"href":"https:\/\/www.newsrecorder.ro\/app\/wp-json\/wp\/v2\/posts\/5595","targetHints":{"allow":["GET"]}}],"collection":[{"href":"https:\/\/www.newsrecorder.ro\/app\/wp-json\/wp\/v2\/posts"}],"about":[{"href":"https:\/\/www.newsrecorder.ro\/app\/wp-json\/wp\/v2\/types\/post"}],"author":[{"embeddable":true,"href":"https:\/\/www.newsrecorder.ro\/app\/wp-json\/wp\/v2\/users\/5"}],"replies":[{"embeddable":true,"href":"https:\/\/www.newsrecorder.ro\/app\/wp-json\/wp\/v2\/comments?post=5595"}],"version-history":[{"count":0,"href":"https:\/\/www.newsrecorder.ro\/app\/wp-json\/wp\/v2\/posts\/5595\/revisions"}],"wp:featuredmedia":[{"embeddable":true,"href":"https:\/\/www.newsrecorder.ro\/app\/wp-json\/wp\/v2\/media\/5596"}],"wp:attachment":[{"href":"https:\/\/www.newsrecorder.ro\/app\/wp-json\/wp\/v2\/media?parent=5595"}],"wp:term":[{"taxonomy":"category","embeddable":true,"href":"https:\/\/www.newsrecorder.ro\/app\/wp-json\/wp\/v2\/categories?post=5595"},{"taxonomy":"post_tag","embeddable":true,"href":"https:\/\/www.newsrecorder.ro\/app\/wp-json\/wp\/v2\/tags?post=5595"}],"curies":[{"name":"wp","href":"https:\/\/api.w.org\/{rel}","templated":true}]}}