{"id":563,"date":"2026-01-24T08:38:46","date_gmt":"2026-01-24T08:38:46","guid":{"rendered":"https:\/\/www.newsrecorder.ro\/app\/2026\/01\/24\/piata-rca-in-2026-ce-masuri-extreme-pregateste-asf-raspunsul-lui-mititelu\/"},"modified":"2026-01-24T08:38:46","modified_gmt":"2026-01-24T08:38:46","slug":"piata-rca-in-2026-ce-masuri-extreme-pregateste-asf-raspunsul-lui-mititelu","status":"publish","type":"post","link":"https:\/\/www.newsrecorder.ro\/app\/2026\/01\/24\/piata-rca-in-2026-ce-masuri-extreme-pregateste-asf-raspunsul-lui-mititelu\/","title":{"rendered":"Pia\u021ba RCA \u00een 2026: Ce m\u0103suri extreme preg\u0103te\u0219te ASF? R\u0103spunsul lui Mititelu"},"content":{"rendered":"<p>Situa\u021bia actual\u0103 a pie\u021bei RCA din Rom\u00e2nia a cunoscut o transformare semnificativ\u0103 fa\u021b\u0103 de anii anteriori, conform declara\u021biilor lui Sorin Mititelu, vicepre\u0219edinte al Autorit\u0103\u021bii de Supraveghere Financiar\u0103 (ASF) responsabil pentru sectorul asigur\u0103rilor, care a oferit o \u201efotografie de moment\u201d la cererea Mediafax.<\/p>\n<p>Aceste comentarii vin \u00eentr-un context special, deoarece pentru prima dat\u0103 \u00een ultimele trei \u00eenceputuri de an, pia\u021ba RCA beneficiaz\u0103 de un pre\u021b liberalizat, odat\u0103 cu <a href=\"https:\/\/www.mediafax.ro\/economic\/lovitura-pentru-soferi-plafonarea-rca-se-va-incheia-in-30-iunie-23568945\">ridicarea plafonului<\/a> de pre\u021b, programat\u0103 pentru 1 iulie 2025.<\/p>\n<p>\u00cencep\u00e2nd cu 11 aprilie 2023, tarifele RCA au fost \u00eenghe\u021bate pentru o perioad\u0103 de \u0219ase luni, ca m\u0103sur\u0103 de protec\u021bie \u00eempotriva cre\u0219terilor de pre\u021b, ca urmare a deciziei ASF de a retrage autoriza\u021bia de func\u021bionare a societ\u0103\u021bii Euroins, al patrulea asigur\u0103tor care a p\u0103r\u0103sit pia\u021ba \u00een ultimii opt ani.<\/p>\n<p>\u201ePia\u021ba asigur\u0103rilor RCA din Rom\u00e2nia este ast\u0103zi una stabil\u0103 \u0219i func\u021bioneaz\u0103 dup\u0103 reguli s\u0103n\u0103toase, fiind marcat\u0103 de un comportament \u00eembun\u0103t\u0103\u021bit at\u00e2t din partea asigur\u0103torilor, c\u00e2t \u0219i a intermediarilor. De\u0219i lec\u021biile trecutului ne amintesc de riscurile ignor\u0103rii normelor de pruden\u021b\u0103 \u0219i solvabilitate, situa\u021bia actual\u0103 este cu adev\u0103rat \u00eembun\u0103t\u0103\u021bit\u0103\u201d, a subliniat Mititelu.<\/p>\n<p>Vicepre\u0219edintele ASF a evitat s\u0103 fac\u0103 predic\u021bii cu privire la evolu\u021bia pre\u021burilor pe pia\u021ba RCA, accentu\u00e2nd c\u0103 este mai important ca statul, prin autoritatea de supraveghere, s\u0103 aib\u0103 acum instrumente mai eficiente pentru solu\u021bionarea litigiilor. \u201e\u00centr-o economie liber\u0103, este normal ca pre\u021burile s\u0103 varieze \u0219i s\u0103 apar\u0103 divergen\u021be \u00eentre p\u0103r\u021bi; esen\u021bial este c\u0103 dispunem acum de instrumente eficiente de mediere \u0219i tendin\u021ba este de a dezvolta o cultur\u0103 a respectului reciproc\u201d, a ad\u0103ugat el.<\/p>\n<p>Referitor la nemul\u021bumirile exprimate recent cu privire la comportamentele unor actori de pe pia\u021b\u0103, care au fost comparate cu cele ale companiilor ce au p\u0103r\u0103sit pia\u021ba RCA, Mititelu a men\u021bionat c\u0103, cu excep\u021bia unei situa\u021bii, nu exist\u0103 v\u00e2rfuri de sesiz\u0103ri la adresa asigur\u0103torilor. \u201eDatele oficiale arat\u0103 c\u0103 num\u0103rul reclama\u021biilor \u0219i litigiilor este foarte mic \u00een raport cu volumul total de poli\u021be \u00eencheiate. Cu o singur\u0103 excep\u021bie, asupra c\u0103reia ASF a intervenit deja, exist\u0103 un echilibru \u00eentre cota de pia\u021b\u0103 a fiec\u0103rei companii \u0219i num\u0103rul de sesiz\u0103ri primite\u201d, a explicat oficialul ASF.<\/p>\n<p>C\u00e2nd a fost \u00eentrebat despre posibile verific\u0103ri pe pia\u021b\u0103 pentru comportamente necorespunz\u0103toare, care ar putea duce la ridicarea autoriza\u021biilor, Mititelu a afirmat c\u0103 nu exist\u0103 motive de \u00eengrijorare. \u201eCifrele oficiale ofer\u0103 o imagine clar\u0103 \u0219i mai degrab\u0103 pozitiv\u0103 asupra \u00eentregului sistem, indic\u00e2nd c\u0103 pia\u021ba este pe un trend bun. A\u0219adar, nu exist\u0103 motive ca, \u00een 2026, s\u0103 ne a\u0219tept\u0103m la necesitatea unor m\u0103suri administrative extreme din partea autorit\u0103\u021bii de supraveghere\u201d, a concluzionat vicepre\u0219edintele ASF.<\/p>\n<p>\u00cen ceea ce prive\u0219te structura pie\u021bei RCA, conform celor mai recente date furnizate de ASF, la sf\u00e2r\u0219itul lunii septembrie 2025, \u0219apte asigur\u0103tori erau autoriza\u021bi s\u0103 opereze \u00een acest sector: Allianz-\u0162iriac Asigur\u0103ri SA, Asigurarea Rom\u00e2neasc\u0103 \u2013 Asirom Vienna Insurance Group SA, Eazy Asigur\u0103ri SA, Generali Romania Asigurare Reasigurare SA, Grawe Romania Asigurare SA, Groupama Asigur\u0103ri SA \u0219i Omniasig Vienna Insurance Group SA.<\/p>\n<p>Pe l\u00e2ng\u0103 ace\u0219tia, pe pia\u021ba RCA din Rom\u00e2nia \u00ee\u0219i desf\u0103\u0219oar\u0103 activitatea \u0219i trei sucursale \u2013 Axeria IARD, Hellas Direct \u0219i Interamerican Hellenic Insurance Company \u2013 care nu sunt direct sub supravegherea ASF, dar colaboreaz\u0103 cu omologii din \u021b\u0103rile de origine.<\/p>\n<ul>\n<li>Sucursala Axeria IARD a \u00eenceput activitatea pe pia\u021ba RCA \u00een trimestrul IV 2021, \u00eenregistr\u00e2nd un volum al primelor brute subscrise de aproximativ 665 milioane lei \u00een primele nou\u0103 luni din 2025, reprezent\u00e2nd 8,8% din totalul primelor brute subscrise.<\/li>\n<li>Sucursala Hellas Direct a intrat pe pia\u021ba RCA la finalul anului 2022, av\u00e2nd un volum de prime brute subscrise de circa 535 milioane lei \u00een perioada ianuarie \u2013 septembrie 2025, echivalent cu 7,1% din pia\u021b\u0103.<\/li>\n<li>Sucursala Interamerican a \u00eenceput activitatea \u00een luna iulie 2025, prin brandul digital Anytime, subscriind prime brute \u00een valoare de 4.759 lei \u00een trimestrul III 2025.<\/li>\n<\/ul>\n<p>De asemenea, la finalul anului 2024, compania Dallbog a \u00eenceput activitatea pe pia\u021ba RCA \u00een baza libert\u0103\u021bii de a presta servicii (FoS), subscriind prime brute \u00een valoare de 224 milioane lei \u00een perioada ianuarie \u2013 iunie 2025, av\u00e2nd o cot\u0103 de pia\u021b\u0103 de 3% la sf\u00e2r\u0219itul lunii septembrie.<\/p>\n<p>Este important de men\u021bionat c\u0103 activitatea Dallbog a fost restric\u021bionat\u0103 \u00een 2025, timp de trei luni, \u00eencep\u00e2nd cu 1 iulie, iar ulterior ASF a interzis companiei subscrierea de noi contracte de asigurare pe teritoriul Rom\u00e2niei, \u00eencep\u00e2nd cu 1 octombrie 2025.<\/p>\n<p>Gradul de concentrare pe pia\u021b\u0103 r\u0103m\u00e2ne ridicat pentru primii asigur\u0103tori din top, iar \u00een primele nou\u0103 luni din 2025, primele trei societ\u0103\u021bi de asigurare de\u021bineau peste 54% din portofoliul de asigur\u0103ri RCA. Totu\u0219i, se observ\u0103 o diminuare a acestui grad de concentrare comparativ cu perioadele anterioare, datorit\u0103 dinamicii subscrierilor sucursalelor \u0219i a societ\u0103\u021bii Dallbog, care cumulau o cot\u0103 de aproximativ 19% \u00een perioada ianuarie \u2013 septembrie 2025, conform ASF.<\/p>\n<p>Pia\u021ba RCA, care reprezint\u0103 valoarea total\u0103 a primelor de asigurare subscrise pentru asigur\u0103rile RCA de c\u0103tre societ\u0103\u021bile autorizate \u0219i reglementate de ASF, sucursale \u0219i societ\u0103\u021bi care \u00ee\u0219i desf\u0103\u0219oar\u0103 activitatea \u00een baza libert\u0103\u021bii de a presta servicii (FoS), a atins 7,55 miliarde lei \u00een primele nou\u0103 luni din 2025, \u00eenregistr\u00e2nd o cre\u0219tere de aproximativ 11% fa\u021b\u0103 de aceea\u0219i perioad\u0103 a anului anterior.<\/p>\n<p>\u00cen termeni anuali, num\u0103rul de contracte RCA \u00eencheiate de toate societ\u0103\u021bile de asigurare active \u00een Rom\u00e2nia a fost de aproximativ 5,7 milioane, marc\u00e2nd o cre\u0219tere de circa 8% comparativ cu primele nou\u0103 luni ale anului 2024, c\u00e2nd au fost \u00eencheiate 5,3 milioane de unit\u0103\u021bi, conform <a href=\"https:\/\/www.asfromania.ro\/ro\/a\/3288\/2025---rapoarte-piata-asigurarilor\" target=\"_blank\" rel=\"noopener\">raportului ASF<\/a>.<\/p>\n","protected":false},"excerpt":{"rendered":"<p>Situa\u021bia actual\u0103 a pie\u021bei RCA din Rom\u00e2nia a cunoscut o transformare semnificativ\u0103 fa\u021b\u0103 de anii anteriori, conform declara\u021biilor lui Sorin Mititelu, vicepre\u0219edinte al Autorit\u0103\u021bii de Supraveghere Financiar\u0103 (ASF) responsabil pentru sectorul asigur\u0103rilor, care a oferit o \u201efotografie de moment\u201d la cererea Mediafax. Aceste comentarii vin \u00eentr-un context special, deoarece pentru prima dat\u0103 \u00een ultimele trei [&hellip;]<\/p>\n","protected":false},"author":4,"featured_media":564,"comment_status":"open","ping_status":"open","sticky":false,"template":"","format":"standard","meta":{"jnews-multi-image_gallery":[],"jnews_single_post":[],"jnews_primary_category":[],"jnews_override_counter":[],"footnotes":""},"categories":[40],"tags":[929,931,933,930,928,149,932,708],"class_list":["post-563","post","type-post","status-publish","format-standard","has-post-thumbnail","hentry","category-econonie","tag-asigurari","tag-autoritatea-de-supraveghere-financiara","tag-euroins","tag-liberalizare","tag-piata-rca","tag-romania","tag-sorin-mititelu","tag-tarife"],"_links":{"self":[{"href":"https:\/\/www.newsrecorder.ro\/app\/wp-json\/wp\/v2\/posts\/563","targetHints":{"allow":["GET"]}}],"collection":[{"href":"https:\/\/www.newsrecorder.ro\/app\/wp-json\/wp\/v2\/posts"}],"about":[{"href":"https:\/\/www.newsrecorder.ro\/app\/wp-json\/wp\/v2\/types\/post"}],"author":[{"embeddable":true,"href":"https:\/\/www.newsrecorder.ro\/app\/wp-json\/wp\/v2\/users\/4"}],"replies":[{"embeddable":true,"href":"https:\/\/www.newsrecorder.ro\/app\/wp-json\/wp\/v2\/comments?post=563"}],"version-history":[{"count":0,"href":"https:\/\/www.newsrecorder.ro\/app\/wp-json\/wp\/v2\/posts\/563\/revisions"}],"wp:featuredmedia":[{"embeddable":true,"href":"https:\/\/www.newsrecorder.ro\/app\/wp-json\/wp\/v2\/media\/564"}],"wp:attachment":[{"href":"https:\/\/www.newsrecorder.ro\/app\/wp-json\/wp\/v2\/media?parent=563"}],"wp:term":[{"taxonomy":"category","embeddable":true,"href":"https:\/\/www.newsrecorder.ro\/app\/wp-json\/wp\/v2\/categories?post=563"},{"taxonomy":"post_tag","embeddable":true,"href":"https:\/\/www.newsrecorder.ro\/app\/wp-json\/wp\/v2\/tags?post=563"}],"curies":[{"name":"wp","href":"https:\/\/api.w.org\/{rel}","templated":true}]}}